{"id":104494,"date":"2025-02-19T16:56:48","date_gmt":"2025-02-19T16:56:48","guid":{"rendered":"https:\/\/tvbrazilusa.com\/2025\/02\/19\/pgr-baseia-acusacao-em-indicios-frageis-para-afirmar-que-bolsonaro-apoiou-plano-para-matar-lula\/"},"modified":"2025-02-19T16:56:49","modified_gmt":"2025-02-19T16:56:49","slug":"pgr-baseia-acusacao-em-indicios-frageis-para-afirmar-que-bolsonaro-apoiou-plano-para-matar-lula","status":"publish","type":"post","link":"https:\/\/tvbrazilusa.com\/pt\/2025\/02\/19\/pgr-baseia-acusacao-em-indicios-frageis-para-afirmar-que-bolsonaro-apoiou-plano-para-matar-lula\/","title":{"rendered":"PGR baseia acusa\u00e7\u00e3o em ind\u00edcios fr\u00e1geis para afirmar que Bolsonaro apoiou plano para matar Lula"},"content":{"rendered":"<p> <script async src=\"https:\/\/pagead2.googlesyndication.com\/pagead\/js\/adsbygoogle.js?client=ca-pub-8864793242727901\"\r\n     crossorigin=\"anonymous\"><\/script><br \/>\n<\/p>\n<div id=\"taboola-read-more\" style=\"display:block; width:100%\">\n<p>\u201cO plano foi arquitetado e levado ao conhecimento do presidente da Rep\u00fablica, que a ele anuiu, ao tempo em que era divulgado relat\u00f3rio em que o Minist\u00e9rio da Defesa se via na conting\u00eancia de reconhecer a inexist\u00eancia de detec\u00e7\u00e3o de fraude nas elei\u00e7\u00f5es\u201d, diz a den\u00fancia assinada pelo procurador-geral, Paulo Gonet, referindo-se a um relat\u00f3rio do Minist\u00e9rio da Defesa sobre as elei\u00e7\u00f5es de 2022.\n<\/p>\n<p>O indiciamento feito pela Pol\u00edcia Federal, apresentado em novembro, n\u00e3o chegou a concluir que Bolsonaro tinha dado anu\u00eancia ao plano, que tamb\u00e9m cogitaria a morte do ent\u00e3o vice-presidente eleito, Geraldo Alckimin (PSB) e do ministro do Supremo Tribunal Federal (STF) Alexandre de Moraes. \u00c0 \u00e9poca, a PF apontou apenas que o ex-presidente sabia o que estaria sendo tramado, o que \u00e9 contestado pela defesa de Bolsonaro.<\/p>\n<p>Ap\u00f3s a divulga\u00e7\u00e3o da den\u00fancia, a defesa do ex-presidente Bolsonaro disse estar estarrecida e indignada com as acusa\u00e7\u00f5es. \u201cO presidente jamais compactuou com qualquer movimento que visasse a desconstru\u00e7\u00e3o do Estado Democr\u00e1tico de Direito ou as institui\u00e7\u00f5es que o pavimentam\u201d, diz a nota divulgada.\n<\/p>\n<p>As afirma\u00e7\u00f5es sobre o suposto conhecimento e concord\u00e2ncia de Bolsonaro com as mortes de Lula s\u00e3o baseadas nos ind\u00edcios de que o documento contendo o \u201cPunhal Verde e Amarelo\u201d teria sido impresso no Pal\u00e1cio do Planalto. Al\u00e9m disso, Gonet indica que o documento teria sido levado ao Pal\u00e1cio da Alvorada em momentos coincidentes com a presen\u00e7a de Bolsonaro, sem mencionar provas de que, de fato, o ex-presidente teria tido acesso a ele. Gonet menciona registros de entrada e sa\u00edda dos Pal\u00e1cios para apontar que os envolvidos estariam no mesmo local ao mesmo tempo.\n<\/p>\n<p>A \u00fanica men\u00e7\u00e3o a uma poss\u00edvel ci\u00eancia de Bolsonaro sobre o plano de \u201cneutraliza\u00e7\u00e3o\u201d de Lula se baseia em uma conversa entre auxiliares do ex-presidente, a qual teria ocorrido ap\u00f3s a suposta entrega do documento, no come\u00e7o de dezembro de 2022.\n<\/p>\n<p>&#8220;A ci\u00eancia do plano pelo presidente da Rep\u00fablica e a sua anu\u00eancia a ele s\u00e3o evidenciadas por di\u00e1logos posteriores, comprobat\u00f3rios de que Jair Bolsonaro acompanhou a evolu\u00e7\u00e3o do esquema e a poss\u00edvel data de sua execu\u00e7\u00e3o integra&#8221;, escreveu o PGR.\n<\/p>\n<p>Gonet cita, ent\u00e3o, uma mensagem de WhatsApp enviada pelo general da reserva Mario Fernandes, apontado como autor do &#8220;Punhal Verde Amarelo\u201d, ao tenente-coronel Mauro Cid, ex-chefe de ordens de Bolsonaro e delator no inqu\u00e9rito que apura o suposto golpe.\n<\/p>\n<p>&#8220;Durante a conversa que eu tive com o presidente, ele citou que o dia 12, pela diploma\u00e7\u00e3o do vagabundo, n\u00e3o seria uma restri\u00e7\u00e3o, que isso pode, que qualquer a\u00e7\u00e3o nossa pode acontecer at\u00e9 31 de dezembro e tudo. Mas (\u2026) ai na hora eu disse, p\u00f4 presidente, mas o quanto antes, a gente j\u00e1 perdeu tantas oportunidades&#8221;, diz a mensagem que teria sido enviada por Fernandes a Cid, reproduzida por Gonet na den\u00fancia tornada p\u00fablica na ter\u00e7a-feira.\n<\/p>\n<p>Neste sentido, a defesa de Bolsonaro tamb\u00e9m afirma, em nota, que n\u00e3o h\u00e1 mensagens ou outro tipo de provas que conectem o ex-presidente aos supostos crimes. &#8220;A despeito dos quase dois anos de investiga\u00e7\u00f5es \u2014 per\u00edodo em que foi alvo de exaustivas dilig\u00eancias investigat\u00f3rias, amplamente suportadas por medidas cautelares de cunho invasivo, contemplando, inclusive, a cust\u00f3dia preventiva de apoiadores pr\u00f3ximos \u2014, nenhum elemento que conectasse minimamente o presidente \u00e0 narrativa constru\u00edda na den\u00fancia foi encontrado. N\u00e3o h\u00e1 qualquer mensagem do Presidente da Rep\u00fablica que embase a acusa\u00e7\u00e3o, apesar de uma verdadeira devassa que foi feita em seus telefones pessoais&#8221;, diz a nota da defesa do ex-presidente.\n<\/p>\n<p>De acordo com a PGR, por\u00e9m, os supostos &#8220;operadores do plano&#8221; s\u00f3 n\u00e3o &#8220;ultimaram o combinado&#8221; por n\u00e3o terem convencido o comandante do Ex\u00e9rcito.\n<\/p>\n<p><strong>&#8220;Punhal Verde e Amarelo&#8221; pretendia matar Lula por envenenamento<\/strong><br \/>Na den\u00fancia da PGR contra Bolsonaro, Gonet aponta que o plano de execu\u00e7\u00e3o de Lula envolveria a sua morte por envenenamento. No documento intitulado &#8220;Punhal Verde e Amarelo&#8221; havia ainda a possibilidade de uso de rem\u00e9dio que induzisse o &#8220;colapso org\u00e2nico&#8221; de Lula, &#8220;considerando a vulnerabilidade de seu atual estado de sa\u00fade e sua frequ\u00eancia a hospitais&#8221;.\n<\/p>\n<p>J\u00e1 no caso do ministro Alexandre de Moraes, o plano de execu\u00e7\u00e3o envolveria armamento b\u00e9lico, por meio de disparo ou artefato explosivo. H\u00e1 ainda, na den\u00fancia, a men\u00e7\u00e3o \u00e0 possibilidade de envenenar o ministro em evento oficial p\u00fablico.<\/p>\n<p>Fonte: Gazeta do Povo              <\/p>\n<\/div>\n<p><br \/>\n<br \/><a href=\"https:\/\/diariodobrasilnoticias.com.br\/noticia\/pgr-baseia-acusacao-em-indicios-frageis-para-afirmar-que-bolsonaro-apoiou-plano-para-matar-lula-67b5e9b48b930\">Source link <\/a><\/p>","protected":false},"excerpt":{"rendered":"<p>\u201cO plano foi arquitetado e levado ao conhecimento do presidente da Rep\u00fablica, que a ele anuiu, ao tempo em que era divulgado relat\u00f3rio em que o Minist\u00e9rio da Defesa se&hellip;<\/p>","protected":false},"author":1,"featured_media":104495,"comment_status":"closed","ping_status":"open","sticky":false,"template":"","format":"standard","meta":{"content-type":"","footnotes":""},"categories":[16],"tags":[123,2448,5313,1267],"class_list":["post-104494","post","type-post","status-publish","format-standard","has-post-thumbnail","hentry","category-noticias","tag-brasil","tag-diario","tag-noticia","tag-noticias"],"_links":{"self":[{"href":"https:\/\/tvbrazilusa.com\/pt\/wp-json\/wp\/v2\/posts\/104494","targetHints":{"allow":["GET"]}}],"collection":[{"href":"https:\/\/tvbrazilusa.com\/pt\/wp-json\/wp\/v2\/posts"}],"about":[{"href":"https:\/\/tvbrazilusa.com\/pt\/wp-json\/wp\/v2\/types\/post"}],"author":[{"embeddable":true,"href":"https:\/\/tvbrazilusa.com\/pt\/wp-json\/wp\/v2\/users\/1"}],"replies":[{"embeddable":true,"href":"https:\/\/tvbrazilusa.com\/pt\/wp-json\/wp\/v2\/comments?post=104494"}],"version-history":[{"count":1,"href":"https:\/\/tvbrazilusa.com\/pt\/wp-json\/wp\/v2\/posts\/104494\/revisions"}],"predecessor-version":[{"id":104496,"href":"https:\/\/tvbrazilusa.com\/pt\/wp-json\/wp\/v2\/posts\/104494\/revisions\/104496"}],"wp:featuredmedia":[{"embeddable":true,"href":"https:\/\/tvbrazilusa.com\/pt\/wp-json\/wp\/v2\/media\/104495"}],"wp:attachment":[{"href":"https:\/\/tvbrazilusa.com\/pt\/wp-json\/wp\/v2\/media?parent=104494"}],"wp:term":[{"taxonomy":"category","embeddable":true,"href":"https:\/\/tvbrazilusa.com\/pt\/wp-json\/wp\/v2\/categories?post=104494"},{"taxonomy":"post_tag","embeddable":true,"href":"https:\/\/tvbrazilusa.com\/pt\/wp-json\/wp\/v2\/tags?post=104494"}],"curies":[{"name":"wp","href":"https:\/\/api.w.org\/{rel}","templated":true}]}}