{"id":104501,"date":"2025-02-19T17:08:33","date_gmt":"2025-02-19T17:08:33","guid":{"rendered":"https:\/\/tvbrazilusa.com\/2025\/02\/19\/flavio-bolsonaro-diz-que-pgr-se-rebaixa-e-que-nao-ha-nenhuma-prova\/"},"modified":"2025-02-19T17:08:36","modified_gmt":"2025-02-19T17:08:36","slug":"flavio-bolsonaro-diz-que-pgr-se-rebaixa-e-que-nao-ha-nenhuma-prova","status":"publish","type":"post","link":"https:\/\/tvbrazilusa.com\/pt\/2025\/02\/19\/flavio-bolsonaro-diz-que-pgr-se-rebaixa-e-que-nao-ha-nenhuma-prova\/","title":{"rendered":"Fl\u00e1vio Bolsonaro diz que PGR se rebaixa e que n\u00e3o h\u00e1 nenhuma prova"},"content":{"rendered":"<p> <script async src=\"https:\/\/pagead2.googlesyndication.com\/pagead\/js\/adsbygoogle.js?client=ca-pub-8864793242727901\"\r\n     crossorigin=\"anonymous\"><\/script><br \/>\n<\/p>\n<div id=\"taboola-read-more\" style=\"display:block; width:100%\">\n<p>O senador Fl\u00e1vio Bolsonaro (PL-RJ) afirmou na noite desta ter\u00e7a-feira (18) que n\u00e3o h\u00e1 nenhuma prova contra o ex-presidente Jair Bolsonaro (PL), denunciado pela Procuradoria-Geral da Rep\u00fablica (PGR) por suposta tentativa de golpe de Estado ap\u00f3s as elei\u00e7\u00f5es de 2022.\n<\/p>\n<p>Em publica\u00e7\u00e3o no X, o parlamentar faz cr\u00edticas ao procurador-geral da Rep\u00fablica, Paulo Gonet, e ao ministro do Supremo Tribunal Federal (STF) Alexandre de Moraes.<\/p>\n<p>\u2013 Mesmo depois de Alexandre de Moraes ter esculachado o Minist\u00e9rio P\u00fablico Federal na fabrica\u00e7\u00e3o dos inqu\u00e9ritos e torturado Mauro Cid para \u201cdelatar\u201d o que n\u00e3o existiu, o PGR se rebaixa. Cumpre sua miss\u00e3o inconstitucional e imoral de atender ao f\u00edgado de Alexandre de Moraes e ao interesse nefasto de lula, que est\u00e1 nos seus \u00faltimos meses de presid\u00eancia \u2013 escreveu Fl\u00e1vio.\n<\/p>\n<\/p>\n<p><img decoding=\"async\" src=\"https:\/\/static.cdn.pleno.news\/2025\/02\/Screenshot_2221.png\" alt=\"\" width=\"100%\"\/>\n<\/p>\n<p>Na den\u00fancia, Bolsonaro \u00e9 apontado como l\u00edder de uma organiza\u00e7\u00e3o criminosa \u201cbaseada em projeto autorit\u00e1rio de poder\u201d e \u201ccom forte influ\u00eancia de setores militares\u201d.\n<\/p>\n<p>Os crimes atribu\u00eddos ao ex-presidente s\u00e3o:\n<\/p>\n<p>\u2013 Tentativa de aboli\u00e7\u00e3o violenta do Estado Democr\u00e1tico de Direito;\n<\/p>\n<p>\u2013 Golpe de Estado;\n<\/p>\n<p>\u2013 Organiza\u00e7\u00e3o criminosa armada\n<\/p>\n<p>\u2013 Dano qualificado pela viol\u00eancia e grave amea\u00e7a contra o patrim\u00f4nio da Uni\u00e3o e com consider\u00e1vel preju\u00edzo para a v\u00edtima;\n<\/p>\n<p>\u2013 Deteriora\u00e7\u00e3o de patrim\u00f4nio tombado.\n<\/p>\n<p>A den\u00fancia de 270 p\u00e1ginas foi enviada ao Supremo Tribunal Federal (STF). Cabe agora aos ministros da Primeira Turma analisar o documento para decidir se h\u00e1 provas suficientes para abrir uma a\u00e7\u00e3o penal. O relator \u00e9 Alexandre de Moraes.\n<\/p>\n<p>*AE\n<\/p>\n<p>Fonte: Pleno News              <\/p>\n<\/div>\n<p><br \/>\n<br \/><a href=\"https:\/\/diariodobrasilnoticias.com.br\/noticia\/flavio-bolsonaro-diz-que-pgr-se-rebaixa-e-que-nao-ha-nenhuma-prova-67b5eed81be72\">Source link <\/a><\/p>","protected":false},"excerpt":{"rendered":"<p>O senador Fl\u00e1vio Bolsonaro (PL-RJ) afirmou na noite desta ter\u00e7a-feira (18) que n\u00e3o h\u00e1 nenhuma prova contra o ex-presidente Jair Bolsonaro (PL), denunciado pela Procuradoria-Geral da Rep\u00fablica (PGR) por suposta&hellip;<\/p>","protected":false},"author":1,"featured_media":104502,"comment_status":"closed","ping_status":"open","sticky":false,"template":"","format":"standard","meta":{"content-type":"","footnotes":""},"categories":[16],"tags":[123,2448,5313,1267],"class_list":["post-104501","post","type-post","status-publish","format-standard","has-post-thumbnail","hentry","category-noticias","tag-brasil","tag-diario","tag-noticia","tag-noticias"],"_links":{"self":[{"href":"https:\/\/tvbrazilusa.com\/pt\/wp-json\/wp\/v2\/posts\/104501","targetHints":{"allow":["GET"]}}],"collection":[{"href":"https:\/\/tvbrazilusa.com\/pt\/wp-json\/wp\/v2\/posts"}],"about":[{"href":"https:\/\/tvbrazilusa.com\/pt\/wp-json\/wp\/v2\/types\/post"}],"author":[{"embeddable":true,"href":"https:\/\/tvbrazilusa.com\/pt\/wp-json\/wp\/v2\/users\/1"}],"replies":[{"embeddable":true,"href":"https:\/\/tvbrazilusa.com\/pt\/wp-json\/wp\/v2\/comments?post=104501"}],"version-history":[{"count":1,"href":"https:\/\/tvbrazilusa.com\/pt\/wp-json\/wp\/v2\/posts\/104501\/revisions"}],"predecessor-version":[{"id":104503,"href":"https:\/\/tvbrazilusa.com\/pt\/wp-json\/wp\/v2\/posts\/104501\/revisions\/104503"}],"wp:featuredmedia":[{"embeddable":true,"href":"https:\/\/tvbrazilusa.com\/pt\/wp-json\/wp\/v2\/media\/104502"}],"wp:attachment":[{"href":"https:\/\/tvbrazilusa.com\/pt\/wp-json\/wp\/v2\/media?parent=104501"}],"wp:term":[{"taxonomy":"category","embeddable":true,"href":"https:\/\/tvbrazilusa.com\/pt\/wp-json\/wp\/v2\/categories?post=104501"},{"taxonomy":"post_tag","embeddable":true,"href":"https:\/\/tvbrazilusa.com\/pt\/wp-json\/wp\/v2\/tags?post=104501"}],"curies":[{"name":"wp","href":"https:\/\/api.w.org\/{rel}","templated":true}]}}