{"id":104506,"date":"2025-02-19T17:20:17","date_gmt":"2025-02-19T17:20:17","guid":{"rendered":"https:\/\/tvbrazilusa.com\/2025\/02\/19\/restos-mortais-de-homem-que-sumiu-ha-mais-de-20-anos-sao-descobertos-dentro-de-carro-em-represa\/"},"modified":"2025-02-19T17:20:18","modified_gmt":"2025-02-19T17:20:18","slug":"restos-mortais-de-homem-que-sumiu-ha-mais-de-20-anos-sao-descobertos-dentro-de-carro-em-represa","status":"publish","type":"post","link":"https:\/\/tvbrazilusa.com\/pt\/2025\/02\/19\/restos-mortais-de-homem-que-sumiu-ha-mais-de-20-anos-sao-descobertos-dentro-de-carro-em-represa\/","title":{"rendered":"Restos mortais de homem que sumiu h\u00e1 mais de 20 anos s\u00e3o descobertos dentro de carro em represa"},"content":{"rendered":"<p> <script async src=\"https:\/\/pagead2.googlesyndication.com\/pagead\/js\/adsbygoogle.js?client=ca-pub-8864793242727901\"\r\n     crossorigin=\"anonymous\"><\/script><br \/>\n<\/p>\n<div id=\"taboola-read-more\" style=\"display:block; width:100%\">\n<p>O caso de um homem desaparecido h\u00e1 mais de 20 anos foi finalmente encerrado.\n<\/p>\n<p>Restos humanos recuperados no ano passado de uma represa em Utah (EUA) pertenciam ao desaparecido Steven Willard Anderson, anunciou o Gabinete do Xerife do Condado de Salt Lake na semana passada.<\/p>\n<p>O corpo de Steven foi descoberto num carro submerso no reservat\u00f3rio e exigiu testes de DNA para confirmar a sua identidade, segundo reportagem da Fox 13.\n<\/p>\n<p>O homem de 46 anos havia deixado a sua casa, na cidade de Murray, em 2004 para dirigir mais de 320km at\u00e9 a cabana da fam\u00edlia em Flaming George (Utah). Mas ele nunca chegou.\n<\/p>\n<div class=\"cropped-block\">\n<div class=\"mc-column content-text active-extra-styles\" data-block-type=\"unstyled\" data-block-weight=\"31\" data-block-id=\"6\">\n<p class=\"content-text__container\" data-track-category=\"Link no Texto\" data-track-links=\"\" data-mrf-recirculation=\"Article links\">Quando Steven n\u00e3o atendeu aos telefonemas insistentes da sua fam\u00edlia, o seu pai foi at\u00e9 a cabana para descobrir o que havia se passad. Mas nenhum sinal do filho foi encontrado.\n<\/p>\n<\/div>\n<\/div>\n<div class=\"cropped-block\">\n<div class=\"cropped-block\">\n<div class=\"mc-column content-text active-extra-styles\" data-block-type=\"unstyled\" data-block-weight=\"72\" data-block-id=\"8\">\n<p class=\"content-text__container\" data-track-category=\"Link no Texto\" data-track-links=\"\" data-mrf-recirculation=\"Article links\">Acredita-se que Steven tenha alugado um ve\u00edculo para fazer a viagem antes de desaparecer sem deixar vest\u00edgios, de acordo com o Departamento de Seguran\u00e7a P\u00fablica de Utah. Ele foi dado como desaparecido, mas o caso logo esfriou. Fam\u00edlia e amigos ficaram pensando por que Anderson havia desaparecido. O mist\u00e9rio rondou o seio familiar por mais de duas d\u00e9cadas. Alguns chegaram a cogitar que ele tivesse vivendo uma &#8220;outra vida&#8221; longe de Utah.\n<\/p>\n<\/div>\n<\/div>\n<div class=\"cropped-block\">\n<div class=\"mc-column content-text active-extra-styles\" data-block-type=\"unstyled\" data-block-weight=\"15\" data-block-id=\"10\">\n<p class=\"content-text__container\" data-track-category=\"Link no Texto\" data-track-links=\"\" data-mrf-recirculation=\"Article links\">O legista que trabalhou nos restos mortais encontrados diz que n\u00e3o h\u00e1 suspeita de crime.\n<\/p>\n<\/div>\n<\/div>\n<div class=\"cropped-block\">\n<div class=\"mc-column content-text active-extra-styles\" data-block-type=\"unstyled\" data-block-weight=\"34\" data-block-id=\"11\">\n<p class=\"content-text__container\" data-track-category=\"Link no Texto\" data-track-links=\"\" data-mrf-recirculation=\"Article links\">&#8220;\u00c9 apenas uma ferida que, voc\u00ea sabe, foi continuamente aberta nos \u00faltimos 20 anos. \u00c9 bom ter algum encerramento para a fam\u00edlia e estou animado para o futuro agora&#8221;, declarou Axel, filho de Steven.\n<\/p>\n<\/div>\n<\/div>\n<div class=\"cropped-block\" data-track-category=\"multicontent\" data-track-action=\"ultimo chunk conteudo\" data-track-noninteraction=\"false\" data-track-scroll=\"view\">\n<div class=\"mc-column content-text active-extra-styles\" data-block-type=\"unstyled\" data-block-weight=\"50\" data-block-id=\"12\">\n<p class=\"content-text__container\" data-track-category=\"Link no Texto\" data-track-links=\"\" data-mrf-recirculation=\"Article links\">A pol\u00edcia chegou ao local com a ajuda da United Search Corps, uma organiza\u00e7\u00e3o sem fins lucrativos especializada em casos de pessoas desaparecidas, que usou helic\u00f3pteros equipes de montanha para rastrear lugares onde o ve\u00edculo de Anderson pode ter sa\u00eddo da estrada e radar para analisar o fundo da represa.\n<\/p>\n<p class=\"content-text__container\" data-track-category=\"Link no Texto\" data-track-links=\"\" data-mrf-recirculation=\"Article links\">\u00a0\n<\/p>\n<p class=\"content-text__container\" data-track-category=\"Link no Texto\" data-track-links=\"\" data-mrf-recirculation=\"Article links\">Fonte: Extra\n<\/p>\n<\/div>\n<\/div>\n<\/div><\/div>\n<p><br \/>\n<br \/><a href=\"https:\/\/diariodobrasilnoticias.com.br\/noticia\/restos-mortais-de-homem-que-sumiu-ha-mais-de-20-anos-sao-descobertos-dentro-de-carro-em-represa-67b5ea43a719d\">Source link <\/a><\/p>","protected":false},"excerpt":{"rendered":"<p>O caso de um homem desaparecido h\u00e1 mais de 20 anos foi finalmente encerrado. Restos humanos recuperados no ano passado de uma represa em Utah (EUA) pertenciam ao desaparecido Steven&hellip;<\/p>","protected":false},"author":1,"featured_media":104507,"comment_status":"closed","ping_status":"open","sticky":false,"template":"","format":"standard","meta":{"content-type":"","footnotes":""},"categories":[16],"tags":[123,2448,5313,1267],"class_list":["post-104506","post","type-post","status-publish","format-standard","has-post-thumbnail","hentry","category-noticias","tag-brasil","tag-diario","tag-noticia","tag-noticias"],"_links":{"self":[{"href":"https:\/\/tvbrazilusa.com\/pt\/wp-json\/wp\/v2\/posts\/104506","targetHints":{"allow":["GET"]}}],"collection":[{"href":"https:\/\/tvbrazilusa.com\/pt\/wp-json\/wp\/v2\/posts"}],"about":[{"href":"https:\/\/tvbrazilusa.com\/pt\/wp-json\/wp\/v2\/types\/post"}],"author":[{"embeddable":true,"href":"https:\/\/tvbrazilusa.com\/pt\/wp-json\/wp\/v2\/users\/1"}],"replies":[{"embeddable":true,"href":"https:\/\/tvbrazilusa.com\/pt\/wp-json\/wp\/v2\/comments?post=104506"}],"version-history":[{"count":1,"href":"https:\/\/tvbrazilusa.com\/pt\/wp-json\/wp\/v2\/posts\/104506\/revisions"}],"predecessor-version":[{"id":104508,"href":"https:\/\/tvbrazilusa.com\/pt\/wp-json\/wp\/v2\/posts\/104506\/revisions\/104508"}],"wp:featuredmedia":[{"embeddable":true,"href":"https:\/\/tvbrazilusa.com\/pt\/wp-json\/wp\/v2\/media\/104507"}],"wp:attachment":[{"href":"https:\/\/tvbrazilusa.com\/pt\/wp-json\/wp\/v2\/media?parent=104506"}],"wp:term":[{"taxonomy":"category","embeddable":true,"href":"https:\/\/tvbrazilusa.com\/pt\/wp-json\/wp\/v2\/categories?post=104506"},{"taxonomy":"post_tag","embeddable":true,"href":"https:\/\/tvbrazilusa.com\/pt\/wp-json\/wp\/v2\/tags?post=104506"}],"curies":[{"name":"wp","href":"https:\/\/api.w.org\/{rel}","templated":true}]}}