{"id":104549,"date":"2025-02-19T19:05:13","date_gmt":"2025-02-19T19:05:13","guid":{"rendered":"https:\/\/tvbrazilusa.com\/2025\/02\/19\/agora-toffoli-anula-processos-contra-antonio-palocci\/"},"modified":"2025-02-19T19:05:14","modified_gmt":"2025-02-19T19:05:14","slug":"agora-toffoli-anula-processos-contra-antonio-palocci","status":"publish","type":"post","link":"https:\/\/tvbrazilusa.com\/pt\/2025\/02\/19\/agora-toffoli-anula-processos-contra-antonio-palocci\/","title":{"rendered":"AGORA: Toffoli anula processos contra Antonio Palocci"},"content":{"rendered":"<p> <script async src=\"https:\/\/pagead2.googlesyndication.com\/pagead\/js\/adsbygoogle.js?client=ca-pub-8864793242727901\"\r\n     crossorigin=\"anonymous\"><\/script><br \/>\n<\/p>\n<div id=\"taboola-read-more\" style=\"display:block; width:100%\">\n<p>O ministro Dias Toffoli, do Supremo Tribunal Federal (STF), ordenou a \u201cnulidade absoluta\u201d de todas as a\u00e7\u00f5es contra o ex-ministro da Fazenda e da Casa Civil, Antonio Palocci, no \u00e2mbito da Opera\u00e7\u00e3o Lava Jato.\n<\/p>\n<p>O caso corre sob sigilo de Justi\u00e7a, mas o ministro embasa a decis\u00e3o, \u00e0 qual a\u00a0<strong>CNN<\/strong>\u00a0teve acesso, nos \u201cintegrantes da referida opera\u00e7\u00e3o e pelo ex-juiz Sergio Moro, no desempenho de suas atividades perante o Ju\u00edzo da 13\u00aa Vara Federal de Curitiba, ainda que na fase pr\u00e9-processual\u201d.<\/p>\n<p>A defesa do ex-ministro acionou o Supremo para obter a mesma decis\u00e3o dada a Marcelo Odebrecht, no mesmo caso, em maio de 2024.\n<\/p>\n<p>No caso de Odebrecht, Toffoli considerou que houve um \u201cconluio\u201d de integrantes da Lava Jato para ignorar o processo legal e o princ\u00edpio da ampla defesa.\n<\/p>\n<p>Palocci foi preso em 2016 e condenado em junho de 2017, por corrup\u00e7\u00e3o e lavagem de dinheiro. Ap\u00f3s dois anos detido no Paran\u00e1 e uma condena\u00e7\u00e3o de 12 anos a pris\u00e3o, a senten\u00e7a foi dada como nula pelo Superior Tribunal de Justi\u00e7a (STJ).<\/p>\n<p>Fonte: CNN Brasil              <\/p>\n<\/div>\n<p><br \/>\n<br \/><a href=\"https:\/\/diariodobrasilnoticias.com.br\/noticia\/agora-toffoli-anula-processos-contra-antonio-palocci-67b60a48cc2d6\">Source link <\/a><\/p>","protected":false},"excerpt":{"rendered":"<p>O ministro Dias Toffoli, do Supremo Tribunal Federal (STF), ordenou a \u201cnulidade absoluta\u201d de todas as a\u00e7\u00f5es contra o ex-ministro da Fazenda e da Casa Civil, Antonio Palocci, no \u00e2mbito&hellip;<\/p>","protected":false},"author":1,"featured_media":104550,"comment_status":"closed","ping_status":"open","sticky":false,"template":"","format":"standard","meta":{"content-type":"","footnotes":""},"categories":[16],"tags":[123,2448,5313,1267],"class_list":["post-104549","post","type-post","status-publish","format-standard","has-post-thumbnail","hentry","category-noticias","tag-brasil","tag-diario","tag-noticia","tag-noticias"],"_links":{"self":[{"href":"https:\/\/tvbrazilusa.com\/pt\/wp-json\/wp\/v2\/posts\/104549","targetHints":{"allow":["GET"]}}],"collection":[{"href":"https:\/\/tvbrazilusa.com\/pt\/wp-json\/wp\/v2\/posts"}],"about":[{"href":"https:\/\/tvbrazilusa.com\/pt\/wp-json\/wp\/v2\/types\/post"}],"author":[{"embeddable":true,"href":"https:\/\/tvbrazilusa.com\/pt\/wp-json\/wp\/v2\/users\/1"}],"replies":[{"embeddable":true,"href":"https:\/\/tvbrazilusa.com\/pt\/wp-json\/wp\/v2\/comments?post=104549"}],"version-history":[{"count":1,"href":"https:\/\/tvbrazilusa.com\/pt\/wp-json\/wp\/v2\/posts\/104549\/revisions"}],"predecessor-version":[{"id":104551,"href":"https:\/\/tvbrazilusa.com\/pt\/wp-json\/wp\/v2\/posts\/104549\/revisions\/104551"}],"wp:featuredmedia":[{"embeddable":true,"href":"https:\/\/tvbrazilusa.com\/pt\/wp-json\/wp\/v2\/media\/104550"}],"wp:attachment":[{"href":"https:\/\/tvbrazilusa.com\/pt\/wp-json\/wp\/v2\/media?parent=104549"}],"wp:term":[{"taxonomy":"category","embeddable":true,"href":"https:\/\/tvbrazilusa.com\/pt\/wp-json\/wp\/v2\/categories?post=104549"},{"taxonomy":"post_tag","embeddable":true,"href":"https:\/\/tvbrazilusa.com\/pt\/wp-json\/wp\/v2\/tags?post=104549"}],"curies":[{"name":"wp","href":"https:\/\/api.w.org\/{rel}","templated":true}]}}