{"id":104561,"date":"2025-02-19T19:55:59","date_gmt":"2025-02-19T19:55:59","guid":{"rendered":"https:\/\/tvbrazilusa.com\/2025\/02\/19\/denuncia-da-pgr-contra-bolsonaro-e-fragil-avalia-jurista-andre-marsiglia\/"},"modified":"2025-02-19T19:56:00","modified_gmt":"2025-02-19T19:56:00","slug":"denuncia-da-pgr-contra-bolsonaro-e-fragil-avalia-jurista-andre-marsiglia","status":"publish","type":"post","link":"https:\/\/tvbrazilusa.com\/pt\/2025\/02\/19\/denuncia-da-pgr-contra-bolsonaro-e-fragil-avalia-jurista-andre-marsiglia\/","title":{"rendered":"Den\u00fancia da PGR contra Bolsonaro \u00e9 &#8216;fr\u00e1gil&#8217;, avalia jurista Andr\u00e9 Marsiglia"},"content":{"rendered":"<p> <script async src=\"https:\/\/pagead2.googlesyndication.com\/pagead\/js\/adsbygoogle.js?client=ca-pub-8864793242727901\"\r\n     crossorigin=\"anonymous\"><\/script><br \/>\n<\/p>\n<div id=\"taboola-read-more\" style=\"display:block; width:100%\">\n<p>Advogado, professor e comentarista de Justi\u00e7a Andr\u00e9 Marsiglia publicou, nesta ter\u00e7a-feira, 18, sua an\u00e1lise sobre a den\u00fancia da Procuradoria-Geral da Rep\u00fablica (PGR) contra o ex-presidente Jair Bolsonaro e outras 33 pessoas. Em publica\u00e7\u00e3o nas redes sociais, o jurista considerou a pe\u00e7a \u201cfr\u00e1gil\u201d.\n<\/p>\n<p>\u201cLi a pe\u00e7a da PGR denunciando Bolsonaro e mais 33 pessoas por golpe de Estado, organiza\u00e7\u00e3o criminosa, etc. E a pe\u00e7a \u00e9 fr\u00e1gil\u201d, disse Marsiglia. \u201c[\u00c9] Mais do mesmo, j\u00e1 mastigado pela imprensa \u00e0 exaust\u00e3o. Do ponto de vista jur\u00eddico, pela fragilidade da den\u00fancia, entendo que a PGR depender\u00e1 totalmente das dela\u00e7\u00f5es e testemunhas. E, claro, da vis\u00e3o pol\u00edtica da Corte sobre o tema.\u201d<\/p>\n<p>O procurador-geral da Rep\u00fablica, Paulo Gonet, afirmou que Bolsonaro estava ciente e anuiu com o plano \u201cPunhal Verde Amarelo\u201d. O objetivo teria sido assassinar autoridades, incluindo o presidente Luiz In\u00e1cio Lula da Silva, seu vice, Geraldo Alckmin, e o ministro Alexandre de Moraes, do Supremo Tribunal Federal (STF).\n<\/p>\n<p>\u201cOs membros da organiza\u00e7\u00e3o criminosa estruturaram, no \u00e2mbito do Pal\u00e1cio do Planalto, plano de ataque \u00e0s institui\u00e7\u00f5es, com vistas \u00e0 derrocada do sistema de funcionamento dos Poderes e da ordem democr\u00e1tica, que recebeu o sinistro nome de \u2018Punhal Verde Amarelo&#8217;\u201d, escreveu Gonet, na den\u00fancia desta ter\u00e7a-feira, 18.\n<\/p>\n<p>\u201cO plano foi arquitetado e levado ao conhecimento do presidente da Rep\u00fablica, que a ele anuiu, ao tempo em que era divulgado relat\u00f3rio em que o Minist\u00e9rio da Defesa se via na conting\u00eancia de reconhecer a inexist\u00eancia de detec\u00e7\u00e3o de fraude nas elei\u00e7\u00f5es.\u201d\n<\/p>\n<p><strong>Os argumento de Marsiglia<\/strong>\n<\/p>\n<p>Andr\u00e9 Marsiglia diz que a pe\u00e7a da PGR trata publica\u00e7\u00f5es, lives, reuni\u00f5es e minutas ap\u00f3crifas como uma forma organizada de o grupo desestabilizar o Estado. As manifesta\u00e7\u00f5es do dia 8 de janeiro de 2023 seriam o ato execut\u00f3rio, o resultado pr\u00e1tico da suposta tentativa golpista. \u201cN\u00e3o \u00e0 toa, tem havido tanta rigidez com os r\u00e9us do dia 8\u201d, analisa.\n<\/p>\n<p>Na an\u00e1lise do jurista, tais posts, transmiss\u00f5es ao vivo e bravatas ditas em reuni\u00f5es deveriam receber o tratamento de \u201copini\u00e3o\u201d, e n\u00e3o \u201cprepara\u00e7\u00e3o ou incita\u00e7\u00e3o a golpe\u201d. Al\u00e9m disso, a pe\u00e7a da PGR peca em n\u00e3o individualizar nem especificar adequadamente a fun\u00e7\u00e3o e a conduta de cada um. Assim, pressup\u00f5e a lideran\u00e7a de Bolsonaro pelo fato de ele estar \u00e0 frente das reuni\u00f5es.\n<\/p>\n<p>\u201c[O documento] N\u00e3o esclarece, a contento, a rela\u00e7\u00e3o entre o dia 8 e o grupo\u201d, escreveu Marsiglia. \u201cApenas menciona que postagens estimularam os manifestantes. Algo que, se ocorreu, pode muito bem ter ocorrido de forma espont\u00e2nea. N\u00e3o ficando esse \u00faltimo ponto claro, a pe\u00e7a se fragiliza, pois sem ato execut\u00f3rio n\u00e3o h\u00e1 como criminalizar a tentativa de golpe.\u201d\n<\/p>\n<p>No Direito brasileiro, a tentativa de um crime tem previs\u00e3o no artigo 14 do C\u00f3digo Penal, inciso II. Segundo o livro, o crime tentado ocorre quando, iniciada a execu\u00e7\u00e3o, n\u00e3o se consuma por circunst\u00e2ncias alheias \u00e0 vontade do agente.\n<\/p>\n<p><strong>STF analisa den\u00fancia contra Bolsonaro e outros 33<\/strong>\n<\/p>\n<p>Agora, a expectativa \u00e9 que o STF julgue a suposta tentativa de golpe ainda neste ano. A inten\u00e7\u00e3o \u00e9 evitar que o processo interfira nas elei\u00e7\u00f5es presidenciais de 2026.\n<\/p>\n<p>Dentro da estrat\u00e9gia, o ministro Alexandre de Moraes, relator do caso, destinar\u00e1 parte do seu gabinete \u00e0 an\u00e1lise da den\u00fancia. Al\u00e9m disso, a agenda da 1\u00aa Turma do Supremo, que vai julgar o caso, pode sofrer ajustes, a fim de acelerar a decis\u00e3o.\n<\/p>\n<p>Os prazos estabelecidos s\u00e3o considerados apertados para a instru\u00e7\u00e3o das a\u00e7\u00f5es penais. Assim, para alcan\u00e7ar o objetivo, o julgamento deve ocorrer no primeiro semestre ou, no m\u00e1ximo, no in\u00edcio do segundo. Isso permitiria que eventuais recursos se estendessem at\u00e9 o fim do ano.\n<\/p>\n<p>Fonte: Revista Oeste              <\/p>\n<\/div>\n<p><br \/>\n<br \/><a href=\"https:\/\/diariodobrasilnoticias.com.br\/noticia\/denuncia-da-pgr-contra-bolsonaro-e-fragil-avalia-jurista-andre-marsiglia-67b61c1cf0969\">Source link <\/a><\/p>","protected":false},"excerpt":{"rendered":"<p>Advogado, professor e comentarista de Justi\u00e7a Andr\u00e9 Marsiglia publicou, nesta ter\u00e7a-feira, 18, sua an\u00e1lise sobre a den\u00fancia da Procuradoria-Geral da Rep\u00fablica (PGR) contra o ex-presidente Jair Bolsonaro e outras 33&hellip;<\/p>","protected":false},"author":1,"featured_media":104562,"comment_status":"closed","ping_status":"open","sticky":false,"template":"","format":"standard","meta":{"content-type":"","footnotes":""},"categories":[16],"tags":[123,2448,5313,1267],"class_list":["post-104561","post","type-post","status-publish","format-standard","has-post-thumbnail","hentry","category-noticias","tag-brasil","tag-diario","tag-noticia","tag-noticias"],"_links":{"self":[{"href":"https:\/\/tvbrazilusa.com\/pt\/wp-json\/wp\/v2\/posts\/104561","targetHints":{"allow":["GET"]}}],"collection":[{"href":"https:\/\/tvbrazilusa.com\/pt\/wp-json\/wp\/v2\/posts"}],"about":[{"href":"https:\/\/tvbrazilusa.com\/pt\/wp-json\/wp\/v2\/types\/post"}],"author":[{"embeddable":true,"href":"https:\/\/tvbrazilusa.com\/pt\/wp-json\/wp\/v2\/users\/1"}],"replies":[{"embeddable":true,"href":"https:\/\/tvbrazilusa.com\/pt\/wp-json\/wp\/v2\/comments?post=104561"}],"version-history":[{"count":1,"href":"https:\/\/tvbrazilusa.com\/pt\/wp-json\/wp\/v2\/posts\/104561\/revisions"}],"predecessor-version":[{"id":104563,"href":"https:\/\/tvbrazilusa.com\/pt\/wp-json\/wp\/v2\/posts\/104561\/revisions\/104563"}],"wp:featuredmedia":[{"embeddable":true,"href":"https:\/\/tvbrazilusa.com\/pt\/wp-json\/wp\/v2\/media\/104562"}],"wp:attachment":[{"href":"https:\/\/tvbrazilusa.com\/pt\/wp-json\/wp\/v2\/media?parent=104561"}],"wp:term":[{"taxonomy":"category","embeddable":true,"href":"https:\/\/tvbrazilusa.com\/pt\/wp-json\/wp\/v2\/categories?post=104561"},{"taxonomy":"post_tag","embeddable":true,"href":"https:\/\/tvbrazilusa.com\/pt\/wp-json\/wp\/v2\/tags?post=104561"}],"curies":[{"name":"wp","href":"https:\/\/api.w.org\/{rel}","templated":true}]}}