{"id":104575,"date":"2025-02-19T20:25:16","date_gmt":"2025-02-19T20:25:16","guid":{"rendered":"https:\/\/tvbrazilusa.com\/2025\/02\/19\/cid-mudou-sua-versao-sobre-a-trama-na-audiencia-em-que-moraes-o-ameacou-de-prisao\/"},"modified":"2025-02-19T20:25:18","modified_gmt":"2025-02-19T20:25:18","slug":"cid-mudou-sua-versao-sobre-a-trama-na-audiencia-em-que-moraes-o-ameacou-de-prisao","status":"publish","type":"post","link":"https:\/\/tvbrazilusa.com\/pt\/2025\/02\/19\/cid-mudou-sua-versao-sobre-a-trama-na-audiencia-em-que-moraes-o-ameacou-de-prisao\/","title":{"rendered":"Cid mudou sua vers\u00e3o sobre a trama na audi\u00eancia em que Moraes o amea\u00e7ou de pris\u00e3o"},"content":{"rendered":"<p> <script async src=\"https:\/\/pagead2.googlesyndication.com\/pagead\/js\/adsbygoogle.js?client=ca-pub-8864793242727901\"\r\n     crossorigin=\"anonymous\"><\/script><br \/>\n<\/p>\n<div id=\"taboola-read-more\" style=\"display:block; width:100%\">\n<p>A retirada do sigilo da colabora\u00e7\u00e3o premiada de Mauro Cid mostra que o ex-chefe da ajud\u00e2ncia de ordens de Jair Bolsonaro mudou de forma relevante a sua vers\u00e3o sobre pontos capitais da trama golpista em uma audi\u00eancia em que o ministro Alexandre de Moraes amea\u00e7ou decretar a sua pris\u00e3o, revogar a colabora\u00e7\u00e3o e seguir investiga\u00e7\u00f5es que atingiriam seus familiares.\n<\/p>\n<p>Em 21 de novembro de 2024 o tenente-coronel compareceu \u00e0 sala de audi\u00eancias do STF (Supremo Tribunal Federal) pressionado por pedido da Pol\u00edcia Federal e parecer da PGR (Procuradoria-Geral da Rep\u00fablica) favor\u00e1vel \u00e0 sua pris\u00e3o por descumprimento dos termos do acordo.<\/p>\n<p>Investiga\u00e7\u00f5es da PF com base em busca e apreens\u00e3o mostravam elementos que colidiam com afirma\u00e7\u00f5es feitas at\u00e9 ent\u00e3o por Cid.\n<\/p>\n<p>Presidiu a audi\u00eancia o pr\u00f3prio Moraes, que assim come\u00e7ou a sua manifesta\u00e7\u00e3o na reuni\u00e3o. &#8220;Ent\u00e3o n\u00f3s vamos come\u00e7ar de forma bem direta, o que caracteriza o meu estilo&#8221;. Mais adiante, afirmou que aquela era a &#8220;\u00faltima chance&#8221; de Cid dizer a verdade.\n<\/p>\n<p>Nesse dia, Cid afirmou que uma reuni\u00e3o ocorrida em novembro de 2022 na casa do general Braga Netto \u2014que foi candidato a vice na tentativa de reelei\u00e7\u00e3o de Bolsonaro\u2014 tinha o objetivo de promover &#8220;caos social&#8221; para justificar interven\u00e7\u00e3o das For\u00e7as Armadas para manter o presidente no poder.\n<\/p>\n<p>Antes, o tenente-coronel dizia que a reuni\u00e3o era um mero encontro de militares que queriam tirar foto com Bolsonaro e Braga Netto.\n<\/p>\n<p>Mauro Cid ainda mudou sua vers\u00e3o sobre a sa\u00edda antecipada do encontro dos tenentes-coroneis Rafael de Oliveira e Helio Ferreira Lima com Braga Netto, em 12 de novembro de 2022. Nos primeiros depoimentos, o militar disse que deixou a casa de Braga Netto porque precisava cumprir agenda no Pal\u00e1cio do Alvorada.\n<\/p>\n<p>Diante de Moraes, por\u00e9m, Cid disse que foi Braga Netto quem pediu para ele deixar sua casa ap\u00f3s os militares come\u00e7arem a conspirar contra Lula.\n<\/p>\n<p>&#8220;Quando entrou no n\u00edvel das ideias, o general Braga Netto interrompeu e falou assim: &#8216;N\u00e3o, o Cid n\u00e3o pode participar, tira o Cid porque ele est\u00e1 muito pr\u00f3ximo ao Bolsonaro'&#8221;, disse.\n<\/p>\n<p>O delator disse que o encontro na casa de Braga Netto debateu formas de causar confus\u00e3o para obrigar as For\u00e7as Armadas a aderirem ao golpe de Estado planejado por Bolsonaro e aliados.\n<\/p>\n<p>&#8220;Na reuni\u00e3o se discutiu novamente a necessidade de a\u00e7\u00f5es que mobilizassem as massas populares e gerassem caos social, permitindo, assim, que o presidente assinasse o estado de defesa, estado de s\u00edtio ou algo semelhante&#8221;, diz o termo da reuni\u00e3o.\n<\/p>\n<p>Cid tamb\u00e9m mudou a vers\u00e3o sobre mensagens em seu celular de militares pedindo R$ 100 mil no final de 2022. Antes, falava que era um pedido quase em tom de brincadeira, que nunca se concretizou e que tinha o objetivo de levar gente para os acampamentos em frente ao QG do Ex\u00e9rcito.\n<\/p>\n<p>Na audi\u00eancia diante de Moraes, mudou a vers\u00e3o e afirmou que n\u00e3o sabia o motivo exato do pedido de dinheiro.\n<\/p>\n<p>Ele disse que, diante das informa\u00e7\u00f5es levantadas pela investiga\u00e7\u00e3o, acredita que o montante poderia ser usado para a\u00e7\u00f5es contra Alexandre de Moraes \u2014como a pris\u00e3o ou assassinato do ministro, como previsto no plano &#8220;Punhal Verde Amarelo&#8221;.\n<\/p>\n<p>Cid ainda contou que tentou conseguir os R$ 100 mil com a dire\u00e7\u00e3o do PL, mas o repasse foi negado. Depois, Braga Netto conseguiu dinheiro com &#8220;o pessoal do agro&#8221; e pediu para o ajudante de ordens entregar os valores para o tenente-coronel Rafael de Oliveira. O dinheiro vivo estava numa sacola de vinho.\n<\/p>\n<p>O termo da audi\u00eancia relata que Moraes informou ter havido juntada de provas pela Pol\u00edcia Federal que colidiam com depoimentos anteriores do colaborador, que estaria tentando &#8220;minimizar a gravidade dos<br \/>fatos&#8221;.\n<\/p>\n<p>&#8220;O Ministro Relator ainda esclareceu que se as omiss\u00f5es e contradi\u00e7\u00f5es n\u00e3o forem sanadas, nos termos da legisla\u00e7\u00e3o vigente, isso poder\u00e1 acarretar a decreta\u00e7\u00e3o da pris\u00e3o preventiva e a rescis\u00e3o do acordo<br \/>de colabora\u00e7\u00e3o premiada, com efeitos n\u00e3o s\u00f3 para o colaborador, mas tamb\u00e9m em rela\u00e7\u00e3o ao seu pai, sua esposa e sua filha maior&#8221;, diz o termo.\n<\/p>\n<p>A fala de Moraes tamb\u00e9m est\u00e1 transcrita nos autos da dela\u00e7\u00e3o.\n<\/p>\n<p>&#8220;Eu gostaria de fazer um breve resumo, para demonstrar a import\u00e2ncia dessa audi\u00eancia, especialmente para o colaborador, o Coronel Mauro Cid&#8221;, diz o ministro, que passa a listar as contradi\u00e7\u00f5es entre os depoimentos anteriores e as provas colhidas pela PF no curso da investiga\u00e7\u00e3o, em especial o plano Punhal Verde Amarelo.\n<\/p>\n<p>&#8220;O colaborador tem tamb\u00e9m n\u00e3o s\u00f3 benef\u00edcios, mas tamb\u00e9m obriga\u00e7\u00f5es&#8221;, diz Moraes.\n<\/p>\n<p>&#8220;E as obriga\u00e7\u00f5es, a maior delas \u00e9 n\u00e3o se omitir, n\u00e3o se contradizer. N\u00e3o h\u00e1, na colabora\u00e7\u00e3o premiada essa ideia de que s\u00f3 respondo o que me perguntam. N\u00e3o! (&#8230;) Se n\u00e3o houver efetividade da colabora\u00e7\u00e3o, se a colabora\u00e7\u00e3o em nada auxiliou, n\u00e3o h\u00e1 por que, dentro dessa ideia de justi\u00e7a colaborativa, a justi\u00e7a premial, se dar os benef\u00edcios&#8221;, completa o ministro, acrescentando que Cid estava dizendo &#8220;uma s\u00e9rie de mentiras na colabora\u00e7\u00e3o premiada&#8221;.\n<\/p>\n<p>Nesse momento, Moraes sobe o tom e cita consequ\u00eancias, inclusive, para a fam\u00edlia de Cid.\n<\/p>\n<p>&#8220;J\u00e1 h\u00e1 o pedido da Pol\u00edcia Federal, j\u00e1 h\u00e1 o parecer favor\u00e1vel da Procuradoria-Geral da Rep\u00fablica, pela<br \/>imediata decreta\u00e7\u00e3o da pris\u00e3o, do retorno \u00e0 pris\u00e3o do colaborador&#8221;, diz o magistrado, que fala ent\u00e3o na necessidade de Cid fazer &#8220;uma reflex\u00e3o maior&#8221; para esclarecer omiss\u00f5es e contradi\u00e7\u00f5es sob pena de pris\u00e3o e de rescis\u00e3o da colabora\u00e7\u00e3o.\n<\/p>\n<p>&#8220;E eventual rescis\u00e3o englobar\u00e1 inclusive a continuidade das investiga\u00e7\u00f5es e responsabiliza\u00e7\u00e3o do pai do investigado, de sua esposa e de sua filha maior.&#8221;\n<\/p>\n<p>O ministro acrescentou ao pre\u00e2mbulo a afirma\u00e7\u00e3o de que aquela &#8220;era a \u00faltima chance do colaborador dizer a verdade sobre tudo&#8221;.\n<\/p>\n<p>Ele questionou especificamente a Cid qual era a participa\u00e7\u00e3o de Bolsonaro e de militares de alta patente de seu governo no plano Punhal Verde Amarelo, no financiamento dos acampamentos golpistas e nos ataques de 8 de janeiro de 2023.\n<\/p>\n<p>Os novos detalhes apresentados por Mauro Cid \u2014especialmente sobre o envolvimento de Braga Netto na trama golpista\u2014 fizeram a PGR recuar do pedido de nova pris\u00e3o do militar e sugerir a manuten\u00e7\u00e3o do acordo de colabora\u00e7\u00e3o premiada. Moraes concordou.\n<\/p>\n<p>Fonte: Folha de S.Paulo              <\/p>\n<\/div>\n<p><br \/>\n<br \/><a href=\"https:\/\/diariodobrasilnoticias.com.br\/noticia\/cid-mudou-sua-versao-sobre-a-trama-na-audiencia-em-que-moraes-o-ameacou-de-prisao-67b62659a7783\">Source link <\/a><\/p>","protected":false},"excerpt":{"rendered":"<p>A retirada do sigilo da colabora\u00e7\u00e3o premiada de Mauro Cid mostra que o ex-chefe da ajud\u00e2ncia de ordens de Jair Bolsonaro mudou de forma relevante a sua vers\u00e3o sobre pontos&hellip;<\/p>","protected":false},"author":1,"featured_media":104576,"comment_status":"closed","ping_status":"open","sticky":false,"template":"","format":"standard","meta":{"content-type":"","footnotes":""},"categories":[16],"tags":[123,2448,5313,1267],"class_list":["post-104575","post","type-post","status-publish","format-standard","has-post-thumbnail","hentry","category-noticias","tag-brasil","tag-diario","tag-noticia","tag-noticias"],"_links":{"self":[{"href":"https:\/\/tvbrazilusa.com\/pt\/wp-json\/wp\/v2\/posts\/104575","targetHints":{"allow":["GET"]}}],"collection":[{"href":"https:\/\/tvbrazilusa.com\/pt\/wp-json\/wp\/v2\/posts"}],"about":[{"href":"https:\/\/tvbrazilusa.com\/pt\/wp-json\/wp\/v2\/types\/post"}],"author":[{"embeddable":true,"href":"https:\/\/tvbrazilusa.com\/pt\/wp-json\/wp\/v2\/users\/1"}],"replies":[{"embeddable":true,"href":"https:\/\/tvbrazilusa.com\/pt\/wp-json\/wp\/v2\/comments?post=104575"}],"version-history":[{"count":1,"href":"https:\/\/tvbrazilusa.com\/pt\/wp-json\/wp\/v2\/posts\/104575\/revisions"}],"predecessor-version":[{"id":104577,"href":"https:\/\/tvbrazilusa.com\/pt\/wp-json\/wp\/v2\/posts\/104575\/revisions\/104577"}],"wp:featuredmedia":[{"embeddable":true,"href":"https:\/\/tvbrazilusa.com\/pt\/wp-json\/wp\/v2\/media\/104576"}],"wp:attachment":[{"href":"https:\/\/tvbrazilusa.com\/pt\/wp-json\/wp\/v2\/media?parent=104575"}],"wp:term":[{"taxonomy":"category","embeddable":true,"href":"https:\/\/tvbrazilusa.com\/pt\/wp-json\/wp\/v2\/categories?post=104575"},{"taxonomy":"post_tag","embeddable":true,"href":"https:\/\/tvbrazilusa.com\/pt\/wp-json\/wp\/v2\/tags?post=104575"}],"curies":[{"name":"wp","href":"https:\/\/api.w.org\/{rel}","templated":true}]}}