{"id":104578,"date":"2025-02-19T20:25:25","date_gmt":"2025-02-19T20:25:25","guid":{"rendered":"https:\/\/tvbrazilusa.com\/2025\/02\/19\/askjaxtdy-posso-obter-alivio-das-taxas-de-aguas-pluviais-e-de-lixo-jacksonville-hoje\/"},"modified":"2025-02-19T20:28:47","modified_gmt":"2025-02-19T20:28:47","slug":"askjaxtdy-posso-obter-alivio-das-taxas-de-aguas-pluviais-e-de-lixo-jacksonville-hoje","status":"publish","type":"post","link":"https:\/\/tvbrazilusa.com\/pt\/2025\/02\/19\/askjaxtdy-posso-obter-alivio-das-taxas-de-aguas-pluviais-e-de-lixo-jacksonville-hoje\/","title":{"rendered":"#Askjaxtdy | Posso obter al\u00edvio das taxas de \u00e1guas pluviais e de lixo? | Jacksonville hoje"},"content":{"rendered":"<p> <script async src=\"https:\/\/pagead2.googlesyndication.com\/pagead\/js\/adsbygoogle.js?client=ca-pub-8864793242727901\"\r\n     crossorigin=\"anonymous\"><\/script><br \/>\n<\/p>\n<div>\n<p><strong>Q:<\/strong> O Conselho da Cidade de Jacksonville votou na semana passada <a href=\"https:\/\/jaxtoday.org\/2025\/02\/11\/jacksonville-raises-residents-trash-fees\/\">Aumente as taxas de lixo das pessoas<\/a>. A taxa subiria de US $ 151 para US $ 324 este ano e, eventualmente, para US $ 384 em 2027, com etapas graduais nos pr\u00f3ximos dois anos.<\/p>\n<p>Mas o conselho tamb\u00e9m apoiou al\u00edvio para pessoas que n\u00e3o podem pagar o aumento. Os membros do conselho votaram para limitar a taxa de lixo nos US $ 151 atuais para as fam\u00edlias que comp\u00f5em at\u00e9 150% do <a href=\"https:\/\/aspe.hhs.gov\/topics\/poverty-economic-mobility\/poverty-guidelines\" target=\"_blank\" rel=\"noreferrer noopener nofollow\">n\u00edvel federal de pobreza<\/a>. Para uma fam\u00edlia de quatro, s\u00e3o US $ 48.225 por ano.<\/p>\n<p>Existe uma isen\u00e7\u00e3o semelhante nas taxas de \u00e1guas pluviais de Jacksonville, o que levanta uma quest\u00e3o para <em>Jacksonville hoje<\/em> Leitor Ellen M.<\/p>\n<p>Ellen pergunta se uma pessoa pode se qualificar para a isen\u00e7\u00e3o de \u00e1guas pluviais e a isen\u00e7\u00e3o de res\u00edduos s\u00f3lidos ao mesmo tempo.<\/p>\n<figure class=\"wp-block-pullquote\">\n<blockquote>\n<p>Sei que \u00e9 cedo para perguntar, mas \u00e9 importante descobrir em breve, j\u00e1 que a taxa de res\u00edduos s\u00f3lidos mais do que dupla entrar\u00e1 em vigor este ano. <\/p>\n<\/blockquote>\n<\/figure>\n<p><strong>UM:<\/strong> Boas not\u00edcias, Ellen. Uma pessoa pode receber as duas isen\u00e7\u00f5es se se qualificar.<\/p>\n<p>&#8220;A inten\u00e7\u00e3o da legisla\u00e7\u00e3o era para os cidad\u00e3os que atingem o limite de renda para se qualificar para as isen\u00e7\u00f5es de \u00e1guas pluviais e de res\u00edduos &#8211; e para que o processo de inscri\u00e7\u00e3o seja simplificado para ambos&#8221;, diz o diretor de comunica\u00e7\u00f5es da cidade, Phil Perry.<\/p>\n<p>Perry observa que a taxa ajustada come\u00e7ar\u00e1 na pr\u00f3xima conta de imposto. Mas ainda precisa passar por uma audi\u00eancia p\u00fablica e vota\u00e7\u00e3o final do Conselho da Cidade em maio e junho, diz ele. <\/p>\n<\/div>\n<p><br \/>\n<br \/><a href=\"https:\/\/jaxtoday.org\/2025\/02\/19\/askjaxtdy-trash-fee\/\">Source link <\/a><\/p>","protected":false},"excerpt":{"rendered":"<p>Q: O Conselho da Cidade de Jacksonville votou na semana passada Aumente as taxas de lixo das pessoas. A taxa subiria de US $ 151 para US $ 324 este&hellip;<\/p>","protected":false},"author":1,"featured_media":86467,"comment_status":"closed","ping_status":"open","sticky":false,"template":"","format":"standard","meta":{"content-type":"","footnotes":""},"categories":[1],"tags":[],"class_list":["post-104578","post","type-post","status-publish","format-standard","has-post-thumbnail","hentry","category-uncategorized"],"_links":{"self":[{"href":"https:\/\/tvbrazilusa.com\/pt\/wp-json\/wp\/v2\/posts\/104578","targetHints":{"allow":["GET"]}}],"collection":[{"href":"https:\/\/tvbrazilusa.com\/pt\/wp-json\/wp\/v2\/posts"}],"about":[{"href":"https:\/\/tvbrazilusa.com\/pt\/wp-json\/wp\/v2\/types\/post"}],"author":[{"embeddable":true,"href":"https:\/\/tvbrazilusa.com\/pt\/wp-json\/wp\/v2\/users\/1"}],"replies":[{"embeddable":true,"href":"https:\/\/tvbrazilusa.com\/pt\/wp-json\/wp\/v2\/comments?post=104578"}],"version-history":[{"count":1,"href":"https:\/\/tvbrazilusa.com\/pt\/wp-json\/wp\/v2\/posts\/104578\/revisions"}],"predecessor-version":[{"id":104579,"href":"https:\/\/tvbrazilusa.com\/pt\/wp-json\/wp\/v2\/posts\/104578\/revisions\/104579"}],"wp:featuredmedia":[{"embeddable":true,"href":"https:\/\/tvbrazilusa.com\/pt\/wp-json\/wp\/v2\/media\/86467"}],"wp:attachment":[{"href":"https:\/\/tvbrazilusa.com\/pt\/wp-json\/wp\/v2\/media?parent=104578"}],"wp:term":[{"taxonomy":"category","embeddable":true,"href":"https:\/\/tvbrazilusa.com\/pt\/wp-json\/wp\/v2\/categories?post=104578"},{"taxonomy":"post_tag","embeddable":true,"href":"https:\/\/tvbrazilusa.com\/pt\/wp-json\/wp\/v2\/tags?post=104578"}],"curies":[{"name":"wp","href":"https:\/\/api.w.org\/{rel}","templated":true}]}}