{"id":104580,"date":"2025-02-19T20:37:41","date_gmt":"2025-02-19T20:37:41","guid":{"rendered":"https:\/\/tvbrazilusa.com\/2025\/02\/19\/chavez-teria-inveja-da-democracia-relativa-brasileira-diz-bolsonaro\/"},"modified":"2025-02-19T20:37:43","modified_gmt":"2025-02-19T20:37:43","slug":"chavez-teria-inveja-da-democracia-relativa-brasileira-diz-bolsonaro","status":"publish","type":"post","link":"https:\/\/tvbrazilusa.com\/pt\/2025\/02\/19\/chavez-teria-inveja-da-democracia-relativa-brasileira-diz-bolsonaro\/","title":{"rendered":"&#8216;Ch\u00e1vez teria inveja da democracia relativa brasileira&#8217;, diz Bolsonaro"},"content":{"rendered":"<p> <script async src=\"https:\/\/pagead2.googlesyndication.com\/pagead\/js\/adsbygoogle.js?client=ca-pub-8864793242727901\"\r\n     crossorigin=\"anonymous\"><\/script><br \/>\n<\/p>\n<div id=\"taboola-read-more\" style=\"display:block; width:100%\">\n<p>O ex-presidente Jair Bolsonaro afirmou que Hugo Ch\u00e1vez, ex-ditador da Venezuela, \u201cteria inveja da democracia relativa brasileira\u201d. O ex-chefe do Executivo brasileiro fez a afirma\u00e7\u00e3o nesta quarta-feira, 19, por meio das redes sociais.\n<\/p>\n<p>Ch\u00e1vez morreu em mar\u00e7o de 2013. Antes, preparou Nicol\u00e1s Maduro para seguir no comando do pa\u00eds. Hoje, a Venezuela sofre uma crise humanit\u00e1ria, com mais de 2 mil presos pol\u00edticos a mando do atual ditador.<\/p>\n<p><strong>PGR denunciou Bolsonaro por suposta tentativa de golpe<\/strong><br \/>A manifesta\u00e7\u00e3o de Bolsonaro ocorreu um dia depois de o procurador-geral da Rep\u00fablica, Paulo Gonet, denunci\u00e1-lo por suposta tentativa de golpe de Estado.\n<\/p>\n<p>Al\u00e9m do ex-presidente, a Procuradoria-Geral da Rep\u00fablica (PGR) acusou outras 33 pessoas, em raz\u00e3o do que seria uma \u201ctentativa de ruptura institucional\u201d. As acusa\u00e7\u00f5es foram entregues ao Supremo Tribunal Federal (STF), que julgar\u00e1 o processo.\n<\/p>\n<p><strong>Aliados se manifestaram<\/strong><br \/>Em raz\u00e3o disso, diversos aliados a Bolsonaro se manifestaram contra a den\u00fancia apresentada pela PGR. O l\u00edder da oposi\u00e7\u00e3o na C\u00e2mara dos Deputados, Luciano Zucco (PL-RS), declarou que a acusa\u00e7\u00e3o n\u00e3o possui embasamento jur\u00eddico s\u00f3lido. Ele tamb\u00e9m questionou a imparcialidade da PGR.\n<\/p>\n<p>No Senado, Rog\u00e9rio Marinho (PL-RN) afirmou que a decis\u00e3o n\u00e3o o surpreendeu. O parlamentar destacou que a bancada espera que o STF garanta o direito ao contradit\u00f3rio e \u00e0 ampla defesa de Bolsonaro.\n<\/p>\n<p>A deputada federal Caroline de Toni (PL-SC), l\u00edder da minoria na C\u00e2mara, chamou a a\u00e7\u00e3o de persegui\u00e7\u00e3o pol\u00edtica contra o ex-presidente. Segundo ela, o processo tem bases claramente pol\u00edticas.\n<\/p>\n<p>\u201cEx-presidente jamais compactuou contra o Estado Democr\u00e1tico de Direito\u201d, diz Tarc\u00edsio<br \/>O governador de S\u00e3o Paulo, Tarc\u00edsio de Freitas (Republicanos), declarou que Bolsonaro \u201cjamais compactuou com qualquer movimento contra o Estado Democr\u00e1tico de Direito\u201d.\n<\/p>\n<p>\u201cJair Bolsonaro \u00e9 a principal lideran\u00e7a pol\u00edtica do Brasil. \u00c9 um fato\u201d, escreveu o governador, nas redes sociais. \u201cO ex-presidente jamais compactuou com qualquer movimento que visasse \u00e0 desconstru\u00e7\u00e3o do Estado Democr\u00e1tico de Direito. Este \u00e9 outro fato. Estamos juntos, presidente.\u201d\n<\/p>\n<p>Resumidamente, Gonet denunciou Bolsonaro pelos crimes de:\n<\/p>\n<p>lideran\u00e7a de organiza\u00e7\u00e3o criminosa armada;<br \/>tentativa de aboli\u00e7\u00e3o violenta do Estado Democr\u00e1tico de Direito;<br \/>golpe de Estado;<br \/>dano qualificado pela viol\u00eancia e grave amea\u00e7a contra o patrim\u00f4nio da Uni\u00e3o; e<br \/>deteriora\u00e7\u00e3o de patrim\u00f4nio tombado.\n<\/p>\n<p>Fonte: Revista Oeste              <\/p>\n<\/div>\n<p><br \/>\n<br \/><a href=\"https:\/\/diariodobrasilnoticias.com.br\/noticia\/-chavez-teria-inveja-da-democracia-relativa-brasileira-diz-bolsonaro-67b6275f59dc0\">Source link <\/a><\/p>","protected":false},"excerpt":{"rendered":"<p>O ex-presidente Jair Bolsonaro afirmou que Hugo Ch\u00e1vez, ex-ditador da Venezuela, \u201cteria inveja da democracia relativa brasileira\u201d. O ex-chefe do Executivo brasileiro fez a afirma\u00e7\u00e3o nesta quarta-feira, 19, por meio&hellip;<\/p>","protected":false},"author":1,"featured_media":104581,"comment_status":"closed","ping_status":"open","sticky":false,"template":"","format":"standard","meta":{"content-type":"","footnotes":""},"categories":[16],"tags":[123,2448,5313,1267],"class_list":["post-104580","post","type-post","status-publish","format-standard","has-post-thumbnail","hentry","category-noticias","tag-brasil","tag-diario","tag-noticia","tag-noticias"],"_links":{"self":[{"href":"https:\/\/tvbrazilusa.com\/pt\/wp-json\/wp\/v2\/posts\/104580","targetHints":{"allow":["GET"]}}],"collection":[{"href":"https:\/\/tvbrazilusa.com\/pt\/wp-json\/wp\/v2\/posts"}],"about":[{"href":"https:\/\/tvbrazilusa.com\/pt\/wp-json\/wp\/v2\/types\/post"}],"author":[{"embeddable":true,"href":"https:\/\/tvbrazilusa.com\/pt\/wp-json\/wp\/v2\/users\/1"}],"replies":[{"embeddable":true,"href":"https:\/\/tvbrazilusa.com\/pt\/wp-json\/wp\/v2\/comments?post=104580"}],"version-history":[{"count":1,"href":"https:\/\/tvbrazilusa.com\/pt\/wp-json\/wp\/v2\/posts\/104580\/revisions"}],"predecessor-version":[{"id":104582,"href":"https:\/\/tvbrazilusa.com\/pt\/wp-json\/wp\/v2\/posts\/104580\/revisions\/104582"}],"wp:featuredmedia":[{"embeddable":true,"href":"https:\/\/tvbrazilusa.com\/pt\/wp-json\/wp\/v2\/media\/104581"}],"wp:attachment":[{"href":"https:\/\/tvbrazilusa.com\/pt\/wp-json\/wp\/v2\/media?parent=104580"}],"wp:term":[{"taxonomy":"category","embeddable":true,"href":"https:\/\/tvbrazilusa.com\/pt\/wp-json\/wp\/v2\/categories?post=104580"},{"taxonomy":"post_tag","embeddable":true,"href":"https:\/\/tvbrazilusa.com\/pt\/wp-json\/wp\/v2\/tags?post=104580"}],"curies":[{"name":"wp","href":"https:\/\/api.w.org\/{rel}","templated":true}]}}