{"id":104585,"date":"2025-02-19T20:49:58","date_gmt":"2025-02-19T20:49:58","guid":{"rendered":"https:\/\/tvbrazilusa.com\/2025\/02\/19\/apos-a-omissao-na-delacao-moraes-grampeou-o-telefone-e-monitorou-cid\/"},"modified":"2025-02-19T20:50:00","modified_gmt":"2025-02-19T20:50:00","slug":"apos-a-omissao-na-delacao-moraes-grampeou-o-telefone-e-monitorou-cid","status":"publish","type":"post","link":"https:\/\/tvbrazilusa.com\/pt\/2025\/02\/19\/apos-a-omissao-na-delacao-moraes-grampeou-o-telefone-e-monitorou-cid\/","title":{"rendered":"Ap\u00f3s a omiss\u00e3o na dela\u00e7\u00e3o, Moraes grampeou o telefone e monitorou Cid"},"content":{"rendered":"<p> <script async src=\"https:\/\/pagead2.googlesyndication.com\/pagead\/js\/adsbygoogle.js?client=ca-pub-8864793242727901\"\r\n     crossorigin=\"anonymous\"><\/script><br \/>\n<\/p>\n<div id=\"taboola-read-more\" style=\"display:block; width:100%\">\n<p>Em novembro de 2024, ap\u00f3s a Pol\u00edcia Federal (PF) apontar omiss\u00f5es no acordo de colabora\u00e7\u00e3o de Mauro Cid, o ministro Alexandre de Moraes, do Supremo Tribunal Federal (STF), ordenou que os telefones do ex-ajudante de ordens de Jair Bolsonaro (PL) fossem grampeados.\n<\/p>\n<p>O ministro tamb\u00e9m determinou que a PF monitorasse as visitas recebidas por ele, at\u00e9 que fosse realizada uma audi\u00eancia para que ele explicasse as omiss\u00f5es.<\/p>\n<p>A decis\u00e3o \u00e9 de 19 de novembro daquele ano. Nessa data, Cid prestou um depoimento \u00e0 Pol\u00edcia Federal, no qual os agentes constataram supostas contradi\u00e7\u00f5es nas afirma\u00e7\u00f5es do delator.\n<\/p>\n<p>\u201cNa mesma data, a autoridade policial, consignando que o cotejo dos elementos probat\u00f3rios identificados revela que o colaborador omitiu informa\u00e7\u00f5es relevantes para o esclarecimento dos fatos investigados, em tentativa de minimizar a gravidade dos fatos, submetendo o caso \u00e0 aprecia\u00e7\u00e3o desta Suprema Corte\u201d, diz a decis\u00e3o.\n<\/p>\n<p>Segundo documento da Pol\u00edcia Federal enviado ao Supremo, a investiga\u00e7\u00e3o conduzida pelos agentes teria revelado a exist\u00eancia de uma plano, denominado \u201cPunhal Verde e Amarelo\u201d, que tinha como objetivo matar Lula (PT), Alckmin (PSB) e o pr\u00f3prio Moraes.\n<\/p>\n<p>A corpora\u00e7\u00e3o relata, tamb\u00e9m, que identificou a\u00e7\u00f5es relacionadas ao monitoramento de Moraes. No entanto, Cid teria sido omisso quanto a essas informa\u00e7\u00f5es.\n<\/p>\n<p>Segundo os autos, Cid teria dito que n\u00e3o participou de qualquer planejamento ou execu\u00e7\u00e3o com outros militares para realizar a\u00e7\u00f5es clandestinas que visassem \u00e0 consuma\u00e7\u00e3o do golpe de Estado.\n<\/p>\n<p>Ele tamb\u00e9m afirmou que, nas reuni\u00f5es dos dias 12 e 28 de novembro de 2022, n\u00e3o foi planejada qualquer a\u00e7\u00e3o ou medidas com o objetivo de tentar um golpe de Estado, e que apenas havia naquele momento uma insatisfa\u00e7\u00e3o sobre a situa\u00e7\u00e3o pol\u00edtica do pa\u00eds.\n<\/p>\n<p>\u201cOcorre que o avan\u00e7o das investiga\u00e7\u00f5es relevou que os militares Rafael Martins de Oliveira e H\u00e9lio Ferreira Lima [que estariam na reuni\u00e3o] tiveram participa\u00e7\u00e3o relevante dentro do contexto de planejamento operacional realizado pela organiza\u00e7\u00e3o criminosa para a consuma\u00e7\u00e3o de um golpe de Estado. A investiga\u00e7\u00e3o identificou troca de intera\u00e7\u00f5es diretas entre os investigados e Mauro Cid, o que demonstra que o colaborador tinha ci\u00eancia das a\u00e7\u00f5es levadas a efeito\u201d, afirmou a PF.\n<\/p>\n<p>Al\u00e9m disso, Cid tamb\u00e9m negou que algum investigado o procurou para obter informa\u00e7\u00f5es sobre o acordo de colabora\u00e7\u00e3o ou sobre quais informa\u00e7\u00f5es a Pol\u00edcia Federal tinha conhecimento.\n<\/p>\n<p>A partir disso, foi determinada uma nova oitiva de Cid para dois dias depois, em 21 de novembro, para esclarecimentos a respeito dos termos da colabora\u00e7\u00e3o.\n<\/p>\n<p>Assim, Moraes decidiu que, para garantir que os esclarecimentos necess\u00e1rios fossem obtidos sem interfer\u00eancia de terceiros, seria necess\u00e1ria a ado\u00e7\u00e3o de medidas de monitoramento das visitas e dos telefones de Cid, at\u00e9 que ele fosse ouvido.\n<\/p>\n<p>\u201cDetermino que a autoridade policial respons\u00e1vel pelas investiga\u00e7\u00f5es relacionadas a Pet 12.100\/DF e Pet 13.236\/DF procedam ao monitoramento, at\u00e9 a realiza\u00e7\u00e3o da audi\u00eancia designada: A) das visitas presenciais que sejam realizadas ao colaborador; B) das linhas de telefones fixo e m\u00f3vel relacionadas a ele, que dever\u00e3o ser identificadas pela autoridade policial\u201d, diz trecho da decis\u00e3o.\n<\/p>\n<p>Moraes tamb\u00e9m enviou um comunicado para as empresas Vivo, Claro, Tim e Oi, informando da autoriza\u00e7\u00e3o aos policiais federais citados a \u201crequisitar dados cadastrais dos terminais de interesse para investiga\u00e7\u00e3o e acesso aos sistemas disponibilizados pelas empresas prestadoras de servi\u00e7os para acesso aos dados solicitados\u201d.\n<\/p>\n<p>Fonte: Metr\u00f3poles              <\/p>\n<\/div>\n<p><br \/>\n<br \/><a href=\"https:\/\/diariodobrasilnoticias.com.br\/noticia\/apos-a-omissao-na-delacao-moraes-grampeou-o-telefone-e-monitorou-cid-67b626ce75105\">Source link <\/a><\/p>","protected":false},"excerpt":{"rendered":"<p>Em novembro de 2024, ap\u00f3s a Pol\u00edcia Federal (PF) apontar omiss\u00f5es no acordo de colabora\u00e7\u00e3o de Mauro Cid, o ministro Alexandre de Moraes, do Supremo Tribunal Federal (STF), ordenou que&hellip;<\/p>","protected":false},"author":1,"featured_media":104586,"comment_status":"closed","ping_status":"open","sticky":false,"template":"","format":"standard","meta":{"content-type":"","footnotes":""},"categories":[16],"tags":[123,2448,5313,1267],"class_list":["post-104585","post","type-post","status-publish","format-standard","has-post-thumbnail","hentry","category-noticias","tag-brasil","tag-diario","tag-noticia","tag-noticias"],"_links":{"self":[{"href":"https:\/\/tvbrazilusa.com\/pt\/wp-json\/wp\/v2\/posts\/104585","targetHints":{"allow":["GET"]}}],"collection":[{"href":"https:\/\/tvbrazilusa.com\/pt\/wp-json\/wp\/v2\/posts"}],"about":[{"href":"https:\/\/tvbrazilusa.com\/pt\/wp-json\/wp\/v2\/types\/post"}],"author":[{"embeddable":true,"href":"https:\/\/tvbrazilusa.com\/pt\/wp-json\/wp\/v2\/users\/1"}],"replies":[{"embeddable":true,"href":"https:\/\/tvbrazilusa.com\/pt\/wp-json\/wp\/v2\/comments?post=104585"}],"version-history":[{"count":1,"href":"https:\/\/tvbrazilusa.com\/pt\/wp-json\/wp\/v2\/posts\/104585\/revisions"}],"predecessor-version":[{"id":104587,"href":"https:\/\/tvbrazilusa.com\/pt\/wp-json\/wp\/v2\/posts\/104585\/revisions\/104587"}],"wp:featuredmedia":[{"embeddable":true,"href":"https:\/\/tvbrazilusa.com\/pt\/wp-json\/wp\/v2\/media\/104586"}],"wp:attachment":[{"href":"https:\/\/tvbrazilusa.com\/pt\/wp-json\/wp\/v2\/media?parent=104585"}],"wp:term":[{"taxonomy":"category","embeddable":true,"href":"https:\/\/tvbrazilusa.com\/pt\/wp-json\/wp\/v2\/categories?post=104585"},{"taxonomy":"post_tag","embeddable":true,"href":"https:\/\/tvbrazilusa.com\/pt\/wp-json\/wp\/v2\/tags?post=104585"}],"curies":[{"name":"wp","href":"https:\/\/api.w.org\/{rel}","templated":true}]}}