{"id":104593,"date":"2025-02-19T21:03:02","date_gmt":"2025-02-19T21:03:02","guid":{"rendered":"https:\/\/tvbrazilusa.com\/2025\/02\/19\/as-autoridades-prendem-nj-man-no-mexico-depois-de-6-anos-em-fuga-dizem-policiais\/"},"modified":"2025-02-19T21:12:22","modified_gmt":"2025-02-19T21:12:22","slug":"as-autoridades-prendem-nj-man-no-mexico-depois-de-6-anos-em-fuga-dizem-policiais","status":"publish","type":"post","link":"https:\/\/tvbrazilusa.com\/pt\/2025\/02\/19\/as-autoridades-prendem-nj-man-no-mexico-depois-de-6-anos-em-fuga-dizem-policiais\/","title":{"rendered":"As autoridades prendem NJ Man no M\u00e9xico depois de 6 anos em fuga, dizem policiais"},"content":{"rendered":"<script async src=\"https:\/\/pagead2.googlesyndication.com\/pagead\/js\/adsbygoogle.js?client=ca-pub-8864793242727901\"\r\n     crossorigin=\"anonymous\"><\/script>\n<div>\n<p class=\"article__paragraph article__paragraph--left\" id=\"ZDEHFLZYBBBZHICRRMWJGCZAEM\">A aplica\u00e7\u00e3o da lei prendeu um homem de Nova Jersey no M\u00e9xico depois que ele foi fugitivo por seis anos, disseram autoridades na quarta -feira. <\/p>\n<p class=\"article__paragraph article__paragraph--left\" id=\"4OD352QGSNGLXEBXM5P5RKTHHM\">Brian J. Rivers Jr., 42, de Gloucester Township, foi preso na \u00faltima ter\u00e7a -feira por marechais dos EUA em Puebla, M\u00e9xico, informou o Minist\u00e9rio P\u00fablico do Condado de Camden em comunicado \u00e0 imprensa.<\/p>\n<p class=\"article__paragraph article__paragraph--left\" id=\"TN52Z3BK5ZGQPF4W7O3LEUNDRA\">Rivers \u00e9 acusado de agredir sexualmente uma crian\u00e7a entre 2012 e 2018, disseram as autoridades. Ele foi acusado em maio de 2019 por agress\u00e3o sexual agravada em primeiro grau e 12 outras ofensas relacionadas ao suposto abuso. <\/p>\n<p class=\"article__paragraph article__paragraph--left\" id=\"VRBBKEK23BBRLDUJKPVPID7CBM\">Rivers havia sido um dos fugitivos mais procurados do condado de Camden, disseram os promotores. Depois de anos de investiga\u00e7\u00e3o, os marechais dos EUA obtiveram informa\u00e7\u00f5es sobre seu paradeiro no M\u00e9xico e trabalharam com as autoridades mexicanas para lev\u00e1 -lo sob cust\u00f3dia. Ele foi extraditado para Nova Jersey na quarta -feira, 12 de fevereiro, no dia seguinte \u00e0 sua pris\u00e3o. <\/p>\n<p class=\"article__paragraph article__paragraph--left\" id=\"7A47ARRHQFHUZD34GIVHKNNHLU\">&#8220;A pris\u00e3o de Brian Rivers foi uma vit\u00f3ria para todos os nossos parceiros estaduais, locais e internacionais que dedicaram v\u00e1rios anos a rastrear e capturar esse fugitivo depois que ele fugiu dos Estados Unidos&#8221;, disse Juan Mattos Jr., o marechal dos EUA para o distrito do distrito de Nova Jersey. <\/p>\n<p class=\"article__paragraph article__paragraph--left\" id=\"U543RUQD65HANKYV4E6TM344DI\">Rivers est\u00e1 agora sob cust\u00f3dia na cadeia do condado de Camden. Sua audi\u00eancia de deten\u00e7\u00e3o est\u00e1 programada para sexta -feira. <\/p>\n<section class=\"Stories-By-Author-module_wrapper__ezbcK Stories-By-Author-module_nj__Ap1-Y\"\/>\n<p class=\"article__paragraph article__paragraph--left\" id=\"IZQTITZDL5DZBEF75OSAIUM44Q\"><i>Nosso jornalismo precisa do seu apoio. Por favor, assine hoje para <\/i><a href=\"https:\/\/www.nj.com\/\" target=\"_blank\" rel=\"\"><i>Nj.com<\/i><\/a><i>.<\/i><\/p>\n<p class=\"article__paragraph article__paragraph--left\" id=\"36ZWUVPQJJH3XOMILJKQYVVX6Q\"><i>Nicolas Fernandes pode ser alcan\u00e7ado em <\/i><a href=\"https:\/\/www.nj.com\/gloucester-county\/2025\/02\/mailto:nfernandes@njadvancemedia.com\" target=\"_blank\" rel=\"\"><i>nfernandes@njadvancemedia.com<\/i><\/a><i>.<\/i><\/p>\n<\/div>\n<p><br \/>\n<br \/><a href=\"https:\/\/www.nj.com\/gloucester-county\/2025\/02\/authorities-arrest-nj-man-in-mexico-after-6-years-on-the-run-cops-say.html\">Source link <\/a><\/p>","protected":false},"excerpt":{"rendered":"<p>A aplica\u00e7\u00e3o da lei prendeu um homem de Nova Jersey no M\u00e9xico depois que ele foi fugitivo por seis anos, disseram autoridades na quarta -feira. Brian J. Rivers Jr., 42,&hellip;<\/p>","protected":false},"author":1,"featured_media":104594,"comment_status":"closed","ping_status":"open","sticky":false,"template":"","format":"standard","meta":{"content-type":"","footnotes":""},"categories":[1],"tags":[],"class_list":["post-104593","post","type-post","status-publish","format-standard","has-post-thumbnail","hentry","category-uncategorized"],"_links":{"self":[{"href":"https:\/\/tvbrazilusa.com\/pt\/wp-json\/wp\/v2\/posts\/104593","targetHints":{"allow":["GET"]}}],"collection":[{"href":"https:\/\/tvbrazilusa.com\/pt\/wp-json\/wp\/v2\/posts"}],"about":[{"href":"https:\/\/tvbrazilusa.com\/pt\/wp-json\/wp\/v2\/types\/post"}],"author":[{"embeddable":true,"href":"https:\/\/tvbrazilusa.com\/pt\/wp-json\/wp\/v2\/users\/1"}],"replies":[{"embeddable":true,"href":"https:\/\/tvbrazilusa.com\/pt\/wp-json\/wp\/v2\/comments?post=104593"}],"version-history":[{"count":1,"href":"https:\/\/tvbrazilusa.com\/pt\/wp-json\/wp\/v2\/posts\/104593\/revisions"}],"predecessor-version":[{"id":104595,"href":"https:\/\/tvbrazilusa.com\/pt\/wp-json\/wp\/v2\/posts\/104593\/revisions\/104595"}],"wp:featuredmedia":[{"embeddable":true,"href":"https:\/\/tvbrazilusa.com\/pt\/wp-json\/wp\/v2\/media\/104594"}],"wp:attachment":[{"href":"https:\/\/tvbrazilusa.com\/pt\/wp-json\/wp\/v2\/media?parent=104593"}],"wp:term":[{"taxonomy":"category","embeddable":true,"href":"https:\/\/tvbrazilusa.com\/pt\/wp-json\/wp\/v2\/categories?post=104593"},{"taxonomy":"post_tag","embeddable":true,"href":"https:\/\/tvbrazilusa.com\/pt\/wp-json\/wp\/v2\/tags?post=104593"}],"curies":[{"name":"wp","href":"https:\/\/api.w.org\/{rel}","templated":true}]}}