{"id":104596,"date":"2025-02-19T21:18:32","date_gmt":"2025-02-19T21:18:32","guid":{"rendered":"https:\/\/tvbrazilusa.com\/2025\/02\/19\/carro-de-motorista-de-aplicativo-fica-submerso-e-ele-morre\/"},"modified":"2025-02-19T21:18:33","modified_gmt":"2025-02-19T21:18:33","slug":"carro-de-motorista-de-aplicativo-fica-submerso-e-ele-morre","status":"publish","type":"post","link":"https:\/\/tvbrazilusa.com\/pt\/2025\/02\/19\/carro-de-motorista-de-aplicativo-fica-submerso-e-ele-morre\/","title":{"rendered":"Carro de motorista de aplicativo fica submerso e ele morre"},"content":{"rendered":"<p> <script async src=\"https:\/\/pagead2.googlesyndication.com\/pagead\/js\/adsbygoogle.js?client=ca-pub-8864793242727901\"\r\n     crossorigin=\"anonymous\"><\/script><br \/>\n<\/p>\n<div id=\"taboola-read-more\" style=\"display:block; width:100%\">\n<p>O forte temporal que caiu, nesta ter\u00e7a-feira (18), na cidade de S\u00e3o Paulo causou a morte de uma mulher de 48 anos de idade. Jana\u00edna de Souza Maia era motorista de aplicativo e trabalhando quando ficou presa no carro, submerso pelo avan\u00e7o das \u00e1guas. O alagamento ocorreu na Freguesia do \u00d3, na Zona Norte da capital paulista.\n<\/p>\n<p>A Defesa Civil do estado informou que a mulher \u00e9 a 21\u00aa v\u00edtima das fortes chuvas, desde o in\u00edcio da Opera\u00e7\u00e3o Ver\u00e3o, programada para o per\u00edodo de 24 de dezembro a 30 de mar\u00e7o.<\/p>\n<p>Na tarde de ter\u00e7a-feira, o \u00f3rg\u00e3o emitiu 16 alertas severos de tempestades no estado, sendo dois para a capital.\n<\/p>\n<p>A mulher que morreu estava num ve\u00edculo Kwid, na avenida Edgar Fac\u00f3, que ficou tomada pelas \u00e1guas com o transbordamento do Ribeir\u00e3o Verde. A v\u00edtima chegou a ser socorrida pelo Corpo de Bombeiros, mas n\u00e3o resistiu.\n<\/p>\n<p>Balan\u00e7o da Defesa Civil aponta que, at\u00e9 o momento, sete pessoas morreram por causa de deslizamentos causados pelas chuvas, 11 foram levados pelas enxurradas, duas arrastadas pelos vendavais e uma pessoa morreu atingida por um raio. Com informa\u00e7\u00f5es da Ag\u00eancia Brasil e da Folha de S.Paulo.\n<\/p>\n<p>Fonte: Pleno News              <\/p>\n<\/div>\n<p><br \/>\n<br \/><a href=\"https:\/\/diariodobrasilnoticias.com.br\/noticia\/carro-de-motorista-de-aplicativo-fica-submerso-e-ele-morre-67b6320e8515e\">Source link <\/a><\/p>","protected":false},"excerpt":{"rendered":"<p>O forte temporal que caiu, nesta ter\u00e7a-feira (18), na cidade de S\u00e3o Paulo causou a morte de uma mulher de 48 anos de idade. Jana\u00edna de Souza Maia era motorista&hellip;<\/p>","protected":false},"author":1,"featured_media":104597,"comment_status":"closed","ping_status":"open","sticky":false,"template":"","format":"standard","meta":{"content-type":"","footnotes":""},"categories":[16],"tags":[123,2448,5313,1267],"class_list":["post-104596","post","type-post","status-publish","format-standard","has-post-thumbnail","hentry","category-noticias","tag-brasil","tag-diario","tag-noticia","tag-noticias"],"_links":{"self":[{"href":"https:\/\/tvbrazilusa.com\/pt\/wp-json\/wp\/v2\/posts\/104596","targetHints":{"allow":["GET"]}}],"collection":[{"href":"https:\/\/tvbrazilusa.com\/pt\/wp-json\/wp\/v2\/posts"}],"about":[{"href":"https:\/\/tvbrazilusa.com\/pt\/wp-json\/wp\/v2\/types\/post"}],"author":[{"embeddable":true,"href":"https:\/\/tvbrazilusa.com\/pt\/wp-json\/wp\/v2\/users\/1"}],"replies":[{"embeddable":true,"href":"https:\/\/tvbrazilusa.com\/pt\/wp-json\/wp\/v2\/comments?post=104596"}],"version-history":[{"count":1,"href":"https:\/\/tvbrazilusa.com\/pt\/wp-json\/wp\/v2\/posts\/104596\/revisions"}],"predecessor-version":[{"id":104598,"href":"https:\/\/tvbrazilusa.com\/pt\/wp-json\/wp\/v2\/posts\/104596\/revisions\/104598"}],"wp:featuredmedia":[{"embeddable":true,"href":"https:\/\/tvbrazilusa.com\/pt\/wp-json\/wp\/v2\/media\/104597"}],"wp:attachment":[{"href":"https:\/\/tvbrazilusa.com\/pt\/wp-json\/wp\/v2\/media?parent=104596"}],"wp:term":[{"taxonomy":"category","embeddable":true,"href":"https:\/\/tvbrazilusa.com\/pt\/wp-json\/wp\/v2\/categories?post=104596"},{"taxonomy":"post_tag","embeddable":true,"href":"https:\/\/tvbrazilusa.com\/pt\/wp-json\/wp\/v2\/tags?post=104596"}],"curies":[{"name":"wp","href":"https:\/\/api.w.org\/{rel}","templated":true}]}}