{"id":104601,"date":"2025-02-19T21:30:16","date_gmt":"2025-02-19T21:30:16","guid":{"rendered":"https:\/\/tvbrazilusa.com\/2025\/02\/19\/segundo-giorgia-meloni-o-papa-francisco-esta-em-alerta-e-com-bom-humor\/"},"modified":"2025-02-19T21:30:17","modified_gmt":"2025-02-19T21:30:17","slug":"segundo-giorgia-meloni-o-papa-francisco-esta-em-alerta-e-com-bom-humor","status":"publish","type":"post","link":"https:\/\/tvbrazilusa.com\/pt\/2025\/02\/19\/segundo-giorgia-meloni-o-papa-francisco-esta-em-alerta-e-com-bom-humor\/","title":{"rendered":"Segundo Giorgia Meloni, o Papa Francisco est\u00e1 em alerta e com bom humor"},"content":{"rendered":"<p> <script async src=\"https:\/\/pagead2.googlesyndication.com\/pagead\/js\/adsbygoogle.js?client=ca-pub-8864793242727901\"\r\n     crossorigin=\"anonymous\"><\/script><br \/>\n<\/p>\n<div id=\"taboola-read-more\" style=\"display:block; width:100%\">\n<p>A primeira-ministra da It\u00e1lia, Giorgia Meloni, visitou o papa Francisco no hospital Gemelli em Roma, onde ele est\u00e1 internado desde a sexta-feira 14. Durante a visita, Giorgia relatou que o papa est\u00e1 alerta e de bom humor.\n<\/p>\n<p>O papa Francisco, de 88 anos, enfrenta uma pneumonia bilateral, uma infec\u00e7\u00e3o grave que afeta ambos os pulm\u00f5es. De acordo com o Vaticano, o pont\u00edfice passou sua quinta noite no hospital de forma tranquila e tomou caf\u00e9 da manh\u00e3 nesta quarta-feira, 19.<\/p>\n<p>Um funcion\u00e1rio do Vaticano, que preferiu n\u00e3o se identificar, informou que o papa est\u00e1 respirando sem a ajuda de aparelhos e continua trabalhando. Francisco conseguiu se levantar da cama para se sentar em uma poltrona no quarto do hospital.\n<\/p>\n<p><strong>O quadro de sa\u00fade do papa Francisco<\/strong>\n<\/p>\n<p>Anteriormente, o Vaticano mencionou que o papa tinha uma infec\u00e7\u00e3o polimicrobiana e que permaneceria no hospital pelo tempo necess\u00e1rio para tratar a situa\u00e7\u00e3o complexa.\n<\/p>\n<p>O m\u00e9dico e reverendo Andrea Vicini comentou que as informa\u00e7\u00f5es indicam o in\u00edcio de uma pneumonia e, se o pat\u00f3geno for identificado, ser\u00e1 poss\u00edvel um tratamento direcionado. Vicini expressou otimismo sobre o controle da situa\u00e7\u00e3o.\n<\/p>\n<p>Nos \u00faltimos anos, o papa Francisco enfrentou diversos problemas de sa\u00fade, como epis\u00f3dios de gripe, dores no nervo ci\u00e1tico e uma cirurgia para tratar uma h\u00e9rnia abdominal. Quando jovem, ele sofreu de pleurisia, resultando na remo\u00e7\u00e3o de parte de um pulm\u00e3o.\n<\/p>\n<p>Espera-se que o Vaticano forne\u00e7a novas atualiza\u00e7\u00f5es sobre o estado do papa ainda hoje. Enquanto isso, as atividades oficiais permanecem suspensas para permitir que ele descanse.\n<\/p>\n<p>Fonte: Revista Oeste              <\/p>\n<\/div>\n<p><br \/>\n<br \/><a href=\"https:\/\/diariodobrasilnoticias.com.br\/noticia\/segundo-giorgia-meloni-o-papa-francisco-esta-em-alerta-e-com-bom-humor-67b632e87e55c\">Source link <\/a><\/p>","protected":false},"excerpt":{"rendered":"<p>A primeira-ministra da It\u00e1lia, Giorgia Meloni, visitou o papa Francisco no hospital Gemelli em Roma, onde ele est\u00e1 internado desde a sexta-feira 14. Durante a visita, Giorgia relatou que o&hellip;<\/p>","protected":false},"author":1,"featured_media":104602,"comment_status":"closed","ping_status":"open","sticky":false,"template":"","format":"standard","meta":{"content-type":"","footnotes":""},"categories":[16],"tags":[123,2448,5313,1267],"class_list":["post-104601","post","type-post","status-publish","format-standard","has-post-thumbnail","hentry","category-noticias","tag-brasil","tag-diario","tag-noticia","tag-noticias"],"_links":{"self":[{"href":"https:\/\/tvbrazilusa.com\/pt\/wp-json\/wp\/v2\/posts\/104601","targetHints":{"allow":["GET"]}}],"collection":[{"href":"https:\/\/tvbrazilusa.com\/pt\/wp-json\/wp\/v2\/posts"}],"about":[{"href":"https:\/\/tvbrazilusa.com\/pt\/wp-json\/wp\/v2\/types\/post"}],"author":[{"embeddable":true,"href":"https:\/\/tvbrazilusa.com\/pt\/wp-json\/wp\/v2\/users\/1"}],"replies":[{"embeddable":true,"href":"https:\/\/tvbrazilusa.com\/pt\/wp-json\/wp\/v2\/comments?post=104601"}],"version-history":[{"count":1,"href":"https:\/\/tvbrazilusa.com\/pt\/wp-json\/wp\/v2\/posts\/104601\/revisions"}],"predecessor-version":[{"id":104603,"href":"https:\/\/tvbrazilusa.com\/pt\/wp-json\/wp\/v2\/posts\/104601\/revisions\/104603"}],"wp:featuredmedia":[{"embeddable":true,"href":"https:\/\/tvbrazilusa.com\/pt\/wp-json\/wp\/v2\/media\/104602"}],"wp:attachment":[{"href":"https:\/\/tvbrazilusa.com\/pt\/wp-json\/wp\/v2\/media?parent=104601"}],"wp:term":[{"taxonomy":"category","embeddable":true,"href":"https:\/\/tvbrazilusa.com\/pt\/wp-json\/wp\/v2\/categories?post=104601"},{"taxonomy":"post_tag","embeddable":true,"href":"https:\/\/tvbrazilusa.com\/pt\/wp-json\/wp\/v2\/tags?post=104601"}],"curies":[{"name":"wp","href":"https:\/\/api.w.org\/{rel}","templated":true}]}}