{"id":104664,"date":"2025-02-20T00:14:53","date_gmt":"2025-02-20T00:14:53","guid":{"rendered":"https:\/\/tvbrazilusa.com\/2025\/02\/20\/moraes-teria-influenciado-cid-a-mudar-de-versao\/"},"modified":"2025-02-20T00:14:54","modified_gmt":"2025-02-20T00:14:54","slug":"moraes-teria-influenciado-cid-a-mudar-de-versao","status":"publish","type":"post","link":"https:\/\/tvbrazilusa.com\/pt\/2025\/02\/20\/moraes-teria-influenciado-cid-a-mudar-de-versao\/","title":{"rendered":"Moraes teria influenciado Cid a mudar de vers\u00e3o?"},"content":{"rendered":"<p> <script async src=\"https:\/\/pagead2.googlesyndication.com\/pagead\/js\/adsbygoogle.js?client=ca-pub-8864793242727901\"\r\n     crossorigin=\"anonymous\"><\/script><br \/>\n<\/p>\n<div id=\"taboola-read-more\" style=\"display:block; width:100%\">\n<p>A divulga\u00e7\u00e3o da dela\u00e7\u00e3o premiada do tenente-coronel Mauro Cid, ex-ajudante de ordens de Jair Bolsonaro (PL), mostrou que o militar fez altera\u00e7\u00f5es significativas em sua narrativa sobre eventos centrais da trama golpista.\n<\/p>\n<p>Em 21 de novembro de 2024, Cid compareceu ao STF sob o risco de ter o acordo de dela\u00e7\u00e3o revogado pelo ministro Alexandre de Moraes, al\u00e9m de ter a pris\u00e3o solicitada pela Pol\u00edcia Federal e pela Procuradoria-Geral da Rep\u00fablica (PGR) por supostas viola\u00e7\u00f5es dos termos do acordo.<\/p>\n<p>Durante a audi\u00eancia, presidida pelo pr\u00f3prio Moraes, o ministro foi direto em sua abordagem.\n<\/p>\n<p>\u201cEnt\u00e3o n\u00f3s vamos dar, come\u00e7ar de forma bem direta, o que caracteriza o meu estilo. Eu gostaria de fazer um breve resumo, pra demonstrar a import\u00e2ncia dessa audi\u00eancia, especialmente para o colaborador, o Coronel Mauro Cid.\u201d\n<\/p>\n<p>Segundo Moraes, aquela seria a \u201c\u00faltima chance\u201d para Cid expor a verdade.\n<\/p>\n<p>\u201cEssa audi\u00eancia foi convocada como mais uma tentativa de permitir ao colaborador que preste as informa\u00e7\u00f5es verdadeiras. J\u00e1 h\u00e1 o pedido da Pol\u00edcia Federal, j\u00e1 h\u00e1 o parecer favor\u00e1vel da Procuradoria-Geral da Rep\u00fablica pela imediata decreta\u00e7\u00e3o da pris\u00e3o, do retorno do colaborador \u00e0 pris\u00e3o. Ent\u00e3o, aqui, \u00e9 importante, e exatamente por isso, a fim de possibilitar uma reflex\u00e3o maior do colaborador com seus advogados para que esclare\u00e7a omiss\u00f5es, contradi\u00e7\u00f5es na sua colabora\u00e7\u00e3o, sob pena n\u00e3o s\u00f3 da decreta\u00e7\u00e3o de pris\u00e3o, como tamb\u00e9m da cessa\u00e7\u00e3o e consequente rescis\u00e3o da colabora\u00e7\u00e3o. E eventual rescis\u00e3o englobar\u00e1 inclusive a continuidade das investiga\u00e7\u00f5es e responsabiliza\u00e7\u00e3o do pai do investigado, de sua esposa e de sua filha maior.\u201d\n<\/p>\n<p>A reuni\u00e3o na casa de Braga Netto<br \/>Sob esses termos, o tenente-coronel revelou que uma reuni\u00e3o realizada em novembro de 2022 na resid\u00eancia do general Braga Netto visava criar um \u201ccaos social\u201d que justificasse uma interven\u00e7\u00e3o das For\u00e7as Armadas para manter Jair Bolsonaro no poder.\n<\/p>\n<p>Nos depoimentos anteriores, Cid descrevia o encontro como um simples evento social entre militares.\n<\/p>\n<p>O militar tamb\u00e9m alterou sua vers\u00e3o sobre os motivos que n\u00e3o o fizeram presenciar o encontro entre Braga Netto e os tenentes-coron\u00e9is Rafael de Oliveira e Helio Ferreira Lima, realizado em 12 de novembro de 2022.\n<\/p>\n<p>Nos depoimentos iniciais, ele alegou ter deixado o encontro devido a compromissos no Pal\u00e1cio da Alvorada. No entanto, durante a audi\u00eancia com Moraes, ele disse que sua sa\u00edda foi solicitada por Braga Netto.\n<\/p>\n<p>\u201cQuando entrou no n\u00edvel das ideias, o general Braga Netto interrompeu e falou assim: \u2018N\u00e3o, o Cid n\u00e3o pode participar, tira o Cid porque ele est\u00e1 muito pr\u00f3ximo ao Bolsonaro&#8217;\u201d, disse.\n<\/p>\n<p>Segundo o delator, \u201cna reuni\u00e3o se discutiu novamente a necessidade de a\u00e7\u00f5es que mobilizassem as massas populares e gerassem caos social, permitindo, assim, que o presidente assinasse o estado de defesa, estado de s\u00edtio ou algo semelhante\u201d.\n<\/p>\n<p>Ap\u00f3s as revela\u00e7\u00f5es feitas por Cid sobre o envolvimento do general Braga Netto na trama golpista, a PGR reconsiderou seu pedido anterior para nova pris\u00e3o do militar e sugeriu a continuidade do acordo de colabora\u00e7\u00e3o premiada.\n<\/p>\n<p>A proposta foi aceita por Alexandre de Moraes.\n<\/p>\n<p>Fonte: O Antagonista              <\/p>\n<\/div>\n<p><br \/>\n<br \/><a href=\"https:\/\/diariodobrasilnoticias.com.br\/noticia\/moraes-teria-influenciou-cid-a-mudar-de-versao-67b6465663ae2\">Source link <\/a><\/p>","protected":false},"excerpt":{"rendered":"<p>A divulga\u00e7\u00e3o da dela\u00e7\u00e3o premiada do tenente-coronel Mauro Cid, ex-ajudante de ordens de Jair Bolsonaro (PL), mostrou que o militar fez altera\u00e7\u00f5es significativas em sua narrativa sobre eventos centrais da&hellip;<\/p>","protected":false},"author":1,"featured_media":104665,"comment_status":"closed","ping_status":"open","sticky":false,"template":"","format":"standard","meta":{"content-type":"","footnotes":""},"categories":[16],"tags":[123,2448,5313,1267],"class_list":["post-104664","post","type-post","status-publish","format-standard","has-post-thumbnail","hentry","category-noticias","tag-brasil","tag-diario","tag-noticia","tag-noticias"],"_links":{"self":[{"href":"https:\/\/tvbrazilusa.com\/pt\/wp-json\/wp\/v2\/posts\/104664","targetHints":{"allow":["GET"]}}],"collection":[{"href":"https:\/\/tvbrazilusa.com\/pt\/wp-json\/wp\/v2\/posts"}],"about":[{"href":"https:\/\/tvbrazilusa.com\/pt\/wp-json\/wp\/v2\/types\/post"}],"author":[{"embeddable":true,"href":"https:\/\/tvbrazilusa.com\/pt\/wp-json\/wp\/v2\/users\/1"}],"replies":[{"embeddable":true,"href":"https:\/\/tvbrazilusa.com\/pt\/wp-json\/wp\/v2\/comments?post=104664"}],"version-history":[{"count":1,"href":"https:\/\/tvbrazilusa.com\/pt\/wp-json\/wp\/v2\/posts\/104664\/revisions"}],"predecessor-version":[{"id":104666,"href":"https:\/\/tvbrazilusa.com\/pt\/wp-json\/wp\/v2\/posts\/104664\/revisions\/104666"}],"wp:featuredmedia":[{"embeddable":true,"href":"https:\/\/tvbrazilusa.com\/pt\/wp-json\/wp\/v2\/media\/104665"}],"wp:attachment":[{"href":"https:\/\/tvbrazilusa.com\/pt\/wp-json\/wp\/v2\/media?parent=104664"}],"wp:term":[{"taxonomy":"category","embeddable":true,"href":"https:\/\/tvbrazilusa.com\/pt\/wp-json\/wp\/v2\/categories?post=104664"},{"taxonomy":"post_tag","embeddable":true,"href":"https:\/\/tvbrazilusa.com\/pt\/wp-json\/wp\/v2\/tags?post=104664"}],"curies":[{"name":"wp","href":"https:\/\/api.w.org\/{rel}","templated":true}]}}