{"id":104673,"date":"2025-02-20T00:44:54","date_gmt":"2025-02-20T00:44:54","guid":{"rendered":"https:\/\/tvbrazilusa.com\/2025\/02\/20\/moraes-repreendeu-cid-e-deu-lhe-uma-ultima-chance-apos-a-omissao-nas-delacoes\/"},"modified":"2025-02-20T00:44:55","modified_gmt":"2025-02-20T00:44:55","slug":"moraes-repreendeu-cid-e-deu-lhe-uma-ultima-chance-apos-a-omissao-nas-delacoes","status":"publish","type":"post","link":"https:\/\/tvbrazilusa.com\/pt\/2025\/02\/20\/moraes-repreendeu-cid-e-deu-lhe-uma-ultima-chance-apos-a-omissao-nas-delacoes\/","title":{"rendered":"Moraes repreendeu Cid e deu-lhe uma &#8216;\u00faltima chance&#8217; ap\u00f3s a omiss\u00e3o nas dela\u00e7\u00f5es"},"content":{"rendered":"<p> <script async src=\"https:\/\/pagead2.googlesyndication.com\/pagead\/js\/adsbygoogle.js?client=ca-pub-8864793242727901\"\r\n     crossorigin=\"anonymous\"><\/script><br \/>\n<\/p>\n<div id=\"taboola-read-more\" style=\"display:block; width:100%\">\n<p>O ministro do Supremo Tribunal Federal (STF) Alexandre de Moraes derrubou, nesta quarta-feira (19\/2), o sigilo do acordo de dela\u00e7\u00e3o premiada do tenente-coronel Mauro Barbosa Cid, que atuou como ajudante de ordens do ex-presidente Jair Bolsonaro.\n<\/p>\n<p>Segundo os documentos divulgados, Moraes pressionou Mauro Cid durante uma audi\u00eancia em novembro de 2024, que teve a presen\u00e7a de Paulo Gonet, procurador-geral da Rep\u00fablica, e afirmou que essa era a \u00faltima chance de Cid dizer a verdade. Posteriormente, a dela\u00e7\u00e3o foi mantida.<\/p>\n<p><strong>O que aconteceu?<\/strong><br \/>Durante a audi\u00eancia, Moraes mencionou que a Pol\u00edcia Federal (PF) encaminhou ao Supremo provas que mostravam que Mauro Cid havia omitido informa\u00e7\u00f5es em uma tentativa de minimizar a gravidade dos fatos relatados.<br \/>\u201cN\u00e3o h\u00e1, na colabora\u00e7\u00e3o premiada essa ideia de que \u2018s\u00f3 respondo o que me perguntam\u2019. N\u00e3o! O colaborador ou colabora com dados efetivos, [\u2026] ou n\u00e3o h\u00e1 por que, dentro dessa ideia de justi\u00e7a colaborativa, se dar os benef\u00edcios\u201d, afirmou Moraes.<br \/>Alexandre de Moras disse que, ap\u00f3s solicitar a Paulo Gonet um parecer sobre a quest\u00e3o, o procurador-geral da Rep\u00fablica se manifestou pela decreta\u00e7\u00e3o da pris\u00e3o preventiva de Mauro Cid.<br \/>De acordo com Moraes, aquela audi\u00eancia era a \u00faltima chance de Cid dizer a verdade, sob pena de pris\u00e3o preventiva e fim do acordo de dela\u00e7\u00e3o, com efeitos tamb\u00e9m para o pai, esposa e filha do militar.<br \/>O ministro, ent\u00e3o, pediu para que o delator dissesse o que sabia sobre a opera\u00e7\u00e3o Punhal Verde-Amarelo, o financiamento e organiza\u00e7\u00e3o dos acampamentos nos quart\u00e9is das For\u00e7as Armadas e toda a sequ\u00eancia dos atos que acarretaram na suposta tentativa de golpe do dia 8 de janeiro.<br \/>Mauro Cid agradeceu a oportunide de esclarecer os fatos. Ao fim da audi\u00eancia, a dela\u00e7\u00e3o foi mantida.<br \/>A transcri\u00e7\u00e3o da audi\u00eancia foi divulgada ap\u00f3s a Procuradoria-Geral da Rep\u00fablica denunciar ao STF o ex-presidente Jair Bolsonaro, o ex-ministro Braga Netto e mais 32 pessoas por participa\u00e7\u00e3o em organiza\u00e7\u00e3o criminosa que tinha o objetivo de mant\u00ea-lo no poder ap\u00f3s as elei\u00e7\u00f5es de 2022.\n<\/p>\n<p>De acordo com a acusa\u00e7\u00e3o da PGR, Bolsonaro cometeu os crimes de organiza\u00e7\u00e3o criminosa armada, golpe de Estado, tentativa de aboli\u00e7\u00e3o do estado democr\u00e1tico de direito, dano qualificado pela viol\u00eancia e grave amea\u00e7a contra patrim\u00f4nio da Uni\u00e3o e deteriora\u00e7\u00e3o de patrim\u00f4nio tombado.\n<\/p>\n<p>Ainda na mesma decis\u00e3o, Moraes abriu prazo de 15 dias para que os 34 denunciados pela PGR nessa ter\u00e7a-feira (18\/2) apresentem suas defesas por escrito. Os denunciados ser\u00e3o notificados com c\u00f3pias da den\u00fancia e da \u00edntegra da dela\u00e7\u00e3o premiada.\n<\/p>\n<p>Pr\u00f3ximos passos<br \/>A partir da den\u00fancia, o Supremo Tribunal Federal (STF) abrir\u00e1 um prazo para a defesa de Bolsonaro se manifestar.<br \/>Depois da manifesta\u00e7\u00e3o, a Corte vai marcar uma data de julgamento para decidir se Bolsonaro vira r\u00e9u ou n\u00e3o.<br \/>Caso a den\u00fancia seja aceita, Bolsonaro e os outros denunciados passam a ser r\u00e9us e o processo \u00e9 formalmente aberto.<br \/>Depois, passa-se \u00e0 fase de ouvir a defesa, testemunhas e colher novas provas.<br \/>Por fim, o Supremo vai julgar o processo, e caso considere culpados Bolsonaro e os outros 33, uma pena pode ser fixada pelos ministros.<br \/>No Brasil, uma pris\u00e3o costuma ocorrer depois de uma condena\u00e7\u00e3o formal, quando j\u00e1 n\u00e3o h\u00e1 mais recursos a serem apresentados.<br \/>Existe tamb\u00e9m a prerrogativa de uma pris\u00e3o preventiva, ou seja, antes do final do julgamento. Mas ela s\u00f3 deve ser usada por decis\u00e3o judicial e se n\u00e3o houver outra forma de impedir que hajam preju\u00edzos ao andamento do processo.<br \/>Al\u00e9m do fator pris\u00e3o, o ex-presidente pode ser alvo de outras san\u00e7\u00f5es da Justi\u00e7a no per\u00edodo em que se tornar r\u00e9u. Durante as investiga\u00e7\u00f5es em que \u00e9 alvo, Bolsonaro inclusive j\u00e1 foi afetado com medidas cautelares.\n<\/p>\n<p>Ele est\u00e1, por exemplo, com seu passaporte retido, e n\u00e3o conseguiu ir \u00e0 posse do presidente dos Estados Unidos, Donald Trump.\n<\/p>\n<p>Fonte: Metr\u00f3poles              <\/p>\n<\/div>\n<p><br \/>\n<br \/><a href=\"https:\/\/diariodobrasilnoticias.com.br\/noticia\/moraes-repreendeu-cid-e-deu-lhe-uma-ultima-chance-apos-a-omissao-nas-delacoes-67b659de85f77\">Source link <\/a><\/p>","protected":false},"excerpt":{"rendered":"<p>O ministro do Supremo Tribunal Federal (STF) Alexandre de Moraes derrubou, nesta quarta-feira (19\/2), o sigilo do acordo de dela\u00e7\u00e3o premiada do tenente-coronel Mauro Barbosa Cid, que atuou como ajudante&hellip;<\/p>","protected":false},"author":1,"featured_media":104674,"comment_status":"closed","ping_status":"open","sticky":false,"template":"","format":"standard","meta":{"content-type":"","footnotes":""},"categories":[16],"tags":[123,2448,5313,1267],"class_list":["post-104673","post","type-post","status-publish","format-standard","has-post-thumbnail","hentry","category-noticias","tag-brasil","tag-diario","tag-noticia","tag-noticias"],"_links":{"self":[{"href":"https:\/\/tvbrazilusa.com\/pt\/wp-json\/wp\/v2\/posts\/104673","targetHints":{"allow":["GET"]}}],"collection":[{"href":"https:\/\/tvbrazilusa.com\/pt\/wp-json\/wp\/v2\/posts"}],"about":[{"href":"https:\/\/tvbrazilusa.com\/pt\/wp-json\/wp\/v2\/types\/post"}],"author":[{"embeddable":true,"href":"https:\/\/tvbrazilusa.com\/pt\/wp-json\/wp\/v2\/users\/1"}],"replies":[{"embeddable":true,"href":"https:\/\/tvbrazilusa.com\/pt\/wp-json\/wp\/v2\/comments?post=104673"}],"version-history":[{"count":1,"href":"https:\/\/tvbrazilusa.com\/pt\/wp-json\/wp\/v2\/posts\/104673\/revisions"}],"predecessor-version":[{"id":104675,"href":"https:\/\/tvbrazilusa.com\/pt\/wp-json\/wp\/v2\/posts\/104673\/revisions\/104675"}],"wp:featuredmedia":[{"embeddable":true,"href":"https:\/\/tvbrazilusa.com\/pt\/wp-json\/wp\/v2\/media\/104674"}],"wp:attachment":[{"href":"https:\/\/tvbrazilusa.com\/pt\/wp-json\/wp\/v2\/media?parent=104673"}],"wp:term":[{"taxonomy":"category","embeddable":true,"href":"https:\/\/tvbrazilusa.com\/pt\/wp-json\/wp\/v2\/categories?post=104673"},{"taxonomy":"post_tag","embeddable":true,"href":"https:\/\/tvbrazilusa.com\/pt\/wp-json\/wp\/v2\/tags?post=104673"}],"curies":[{"name":"wp","href":"https:\/\/api.w.org\/{rel}","templated":true}]}}