{"id":104682,"date":"2025-02-20T01:22:32","date_gmt":"2025-02-20T01:22:32","guid":{"rendered":"https:\/\/tvbrazilusa.com\/2025\/02\/20\/urgente-em-reuniao-fechada-bolsonaro-fala-sobre-chances-de-fugir-do-brasil\/"},"modified":"2025-02-20T01:22:33","modified_gmt":"2025-02-20T01:22:33","slug":"urgente-em-reuniao-fechada-bolsonaro-fala-sobre-chances-de-fugir-do-brasil","status":"publish","type":"post","link":"https:\/\/tvbrazilusa.com\/pt\/2025\/02\/20\/urgente-em-reuniao-fechada-bolsonaro-fala-sobre-chances-de-fugir-do-brasil\/","title":{"rendered":"URGENTE: Em reuni\u00e3o fechada, Bolsonaro fala sobre chances de fugir do Brasil"},"content":{"rendered":"<p> <script async src=\"https:\/\/pagead2.googlesyndication.com\/pagead\/js\/adsbygoogle.js?client=ca-pub-8864793242727901\"\r\n     crossorigin=\"anonymous\"><\/script><br \/>\n<\/p>\n<div id=\"taboola-read-more\" style=\"display:block; width:100%\">\n<p>Em reuni\u00e3o com aliados na manh\u00e3 da quarta-feira (19\/2), o ex-presidente Jair Bolsonaro (PL) falou sobre a possibilidade de deixar o Brasil antes de ser condenado pelo STF no inqu\u00e9rito do golpe.\n<\/p>\n<p>Segundo participantes do encontro, Bolsonaro falou pouco. Em sua r\u00e1pida manifesta\u00e7\u00e3o, ele evidenciou sua inoc\u00eancia e disse que, se tivesse feito algo, j\u00e1 teria procurado asilo, por exemplo, na Argentina ou nos Estados Unidos.<\/p>\n<p>Bolsonaro, entretanto, prometeu n\u00e3o fugir do Brasil. Ele disse que continuar\u00e1 defendendo sua inoc\u00eancia no STF, ciente de que sempre \u201cjogou dentro das quatro linhas\u201d, apesar de isso ter \u201cdesagradado\u201d a alguns aliados.\n<\/p>\n<p>Para bolsonaristas, a den\u00fancia contra Bolsonaro seria um \u201cjogo de cartas marcadas\u201d, independentemente da defesa. A aposta \u00e9 de que a Primeira Turma do STF, onde o inqu\u00e9rito ser\u00e1 julgado, dever\u00e1 condenar o ex-presidente.\n<\/p>\n<p><strong>Bolsonaro faz pedido a aliados<\/strong><br \/>Na reuni\u00e3o, Bolsonaro tamb\u00e9m fez alguns pedidos aos aliados. O primeiro deles foi para que concentrem suas presen\u00e7as na manifesta\u00e7\u00e3o do dia 16 de mar\u00e7o no Rio de Janeiro, e n\u00e3o em outras cidades.\n<\/p>\n<p>O outro pedido foi para deixar o \u201cfora Lula\u201d para outra ocasi\u00e3o. O objetivo \u00e9 que os discursos nos trios el\u00e9tricos na orla de Copacabana se concentrem no projeto de anistia aos envolvidos no 8\/1.\n<\/p>\n<p><strong>A reuni\u00e3o de Bolsonaro<\/strong><br \/>A reuni\u00e3o de Bolsonaro com aliados ocorreu no apartamento funcional do l\u00edder da oposi\u00e7\u00e3o na C\u00e2mara, deputado Zucco (PL-RS), em Bras\u00edlia, e contou com a presen\u00e7a de diversos parlamentares.\n<\/p>\n<p>O encontro ocorreu um dia ap\u00f3s a Procuradoria-Geral da Rep\u00fablica (PGR) enviar ao STF a den\u00fancia contra o ex-presidente da Rep\u00fablica e outras 33 pessoas no inqu\u00e9rito do golpe.\n<\/p>\n<p>Fonte: Metr\u00f3poles              <\/p>\n<\/div>\n<p><br \/>\n<br \/><a href=\"https:\/\/diariodobrasilnoticias.com.br\/noticia\/urgente-em-reuniao-fechada-bolsonaro-fala-sobre-chances-de-fugir-do-brasil-67b65a4159cc6\">Source link <\/a><\/p>","protected":false},"excerpt":{"rendered":"<p>Em reuni\u00e3o com aliados na manh\u00e3 da quarta-feira (19\/2), o ex-presidente Jair Bolsonaro (PL) falou sobre a possibilidade de deixar o Brasil antes de ser condenado pelo STF no inqu\u00e9rito&hellip;<\/p>","protected":false},"author":1,"featured_media":104683,"comment_status":"closed","ping_status":"open","sticky":false,"template":"","format":"standard","meta":{"content-type":"","footnotes":""},"categories":[16],"tags":[123,2448,5313,1267],"class_list":["post-104682","post","type-post","status-publish","format-standard","has-post-thumbnail","hentry","category-noticias","tag-brasil","tag-diario","tag-noticia","tag-noticias"],"_links":{"self":[{"href":"https:\/\/tvbrazilusa.com\/pt\/wp-json\/wp\/v2\/posts\/104682","targetHints":{"allow":["GET"]}}],"collection":[{"href":"https:\/\/tvbrazilusa.com\/pt\/wp-json\/wp\/v2\/posts"}],"about":[{"href":"https:\/\/tvbrazilusa.com\/pt\/wp-json\/wp\/v2\/types\/post"}],"author":[{"embeddable":true,"href":"https:\/\/tvbrazilusa.com\/pt\/wp-json\/wp\/v2\/users\/1"}],"replies":[{"embeddable":true,"href":"https:\/\/tvbrazilusa.com\/pt\/wp-json\/wp\/v2\/comments?post=104682"}],"version-history":[{"count":1,"href":"https:\/\/tvbrazilusa.com\/pt\/wp-json\/wp\/v2\/posts\/104682\/revisions"}],"predecessor-version":[{"id":104684,"href":"https:\/\/tvbrazilusa.com\/pt\/wp-json\/wp\/v2\/posts\/104682\/revisions\/104684"}],"wp:featuredmedia":[{"embeddable":true,"href":"https:\/\/tvbrazilusa.com\/pt\/wp-json\/wp\/v2\/media\/104683"}],"wp:attachment":[{"href":"https:\/\/tvbrazilusa.com\/pt\/wp-json\/wp\/v2\/media?parent=104682"}],"wp:term":[{"taxonomy":"category","embeddable":true,"href":"https:\/\/tvbrazilusa.com\/pt\/wp-json\/wp\/v2\/categories?post=104682"},{"taxonomy":"post_tag","embeddable":true,"href":"https:\/\/tvbrazilusa.com\/pt\/wp-json\/wp\/v2\/tags?post=104682"}],"curies":[{"name":"wp","href":"https:\/\/api.w.org\/{rel}","templated":true}]}}