{"id":104690,"date":"2025-02-20T01:53:30","date_gmt":"2025-02-20T01:53:30","guid":{"rendered":"https:\/\/tvbrazilusa.com\/2025\/02\/20\/familia-abravanel-busca-na-justica-a-heranca-milionaria-de-silvio-santos-veja-valor\/"},"modified":"2025-02-20T01:53:32","modified_gmt":"2025-02-20T01:53:32","slug":"familia-abravanel-busca-na-justica-a-heranca-milionaria-de-silvio-santos-veja-valor","status":"publish","type":"post","link":"https:\/\/tvbrazilusa.com\/pt\/2025\/02\/20\/familia-abravanel-busca-na-justica-a-heranca-milionaria-de-silvio-santos-veja-valor\/","title":{"rendered":"Fam\u00edlia Abravanel busca na Justi\u00e7a a heran\u00e7a milion\u00e1ria de Silvio Santos; veja valor"},"content":{"rendered":"<p> <script async src=\"https:\/\/pagead2.googlesyndication.com\/pagead\/js\/adsbygoogle.js?client=ca-pub-8864793242727901\"\r\n     crossorigin=\"anonymous\"><\/script><br \/>\n<\/p>\n<div id=\"taboola-read-more\" style=\"display:block; width:100%\">\n<p>A fam\u00edlia Abravanel, composta de Iris Abravanel, vi\u00fava de Silvio Santos, e suas filhas, est\u00e1 envolvida em uma disputa judicial com o Estado de S\u00e3o Paulo. Elas contestam a cobran\u00e7a do Imposto de Transmiss\u00e3o Causa Mortis e Doa\u00e7\u00e3o (ITCMD) sobre R$ 428 milh\u00f5es deixados pelo apresentador no exterior. O site TV Pop divulgou a informa\u00e7\u00e3o nesta quarta-feira, 8.\n<\/p>\n<p>O imposto incide sobre heran\u00e7as e doa\u00e7\u00f5es, mas as herdeiras argumentam que, como os ativos est\u00e3o fora do Brasil, a cobran\u00e7a seria indevida. O Estado de S\u00e3o Paulo, por meio do procurador Paulo Gon\u00e7alves da Costa J\u00fanior, apresentou defesa. Grande parte da heran\u00e7a est\u00e1 localizada em um para\u00edso fiscal.<\/p>\n<p>\u201cSenor Abravanel era pessoa notoriamente conhecida cujo patrim\u00f4nio e atividades econ\u00f4micas conhecidas situavam-se no Brasil, causando surpresa e estranheza que a maior parte de sua heran\u00e7a seja atribu\u00edda a determinada participa\u00e7\u00e3o societ\u00e1ria em \u2018entidade\u2019 sediada no para\u00edso fiscal das Bahamas\u201d, afirmou Costa J\u00fanior.\n<\/p>\n<p>O patrim\u00f4nio deixado por Silvio Santos totaliza aproximadamente R$ 429,9 milh\u00f5es, com a maior parte desse valor, cerca de R$ 428 milh\u00f5es, depositada em uma empresa nas Bahamas.\n<\/p>\n<p><strong>Fam\u00edlia Abravanel ter\u00e1 de pagar imposto<\/strong>\n<\/p>\n<p>As autoridades paulistas exigem o pagamento de R$ 17 milh\u00f5es para liberar esses ativos. As herdeiras, no entanto, afirmam que a legisla\u00e7\u00e3o brasileira n\u00e3o deveria se aplicar a valores mantidos internacionalmente.\n<\/p>\n<p>O caso tornou-se p\u00fablico em 16 de dezembro de 2024, depois de o juiz M\u00e1rcio Ferraz Nunes decidir que n\u00e3o havia raz\u00f5es suficientes para mant\u00ea-lo em segredo de Justi\u00e7a. O pedido de sigilo havia sido feito pela fam\u00edlia Abravanel, que temia o interesse midi\u00e1tico em torno da disputa.\n<\/p>\n<p>No entanto, o juiz considerou que o processo n\u00e3o apresentava caracter\u00edsticas que justificassem tal medida. Al\u00e9m disso, as herdeiras informaram que pretendem quitar uma d\u00edvida de R$ 10 milh\u00f5es, contra\u00edda por Silvio Santos antes de sua morte, em 2023.\n<\/p>\n<p>Enquanto isso, a Justi\u00e7a de S\u00e3o Paulo planeja uma audi\u00eancia de concilia\u00e7\u00e3o entre as partes, na tentativa de chegar a um acordo. A data para essa audi\u00eancia ainda n\u00e3o foi definida.\n<\/p>\n<p>O escrit\u00f3rio de advocacia que representa a fam\u00edlia Abravanel na a\u00e7\u00e3o foi contatado, mas n\u00e3o respondeu \u00e0s solicita\u00e7\u00f5es de coment\u00e1rio at\u00e9 o momento.\n<\/p>\n<p>Fonte: Revista Oeste              <\/p>\n<\/div>\n<p><br \/>\n<br \/><a href=\"https:\/\/diariodobrasilnoticias.com.br\/noticia\/familia-abravanel-busca-na-justica-a-heranca-milionaria-de-silvio-santos-veja-valor-67b65eb6c7032\">Source link <\/a><\/p>","protected":false},"excerpt":{"rendered":"<p>A fam\u00edlia Abravanel, composta de Iris Abravanel, vi\u00fava de Silvio Santos, e suas filhas, est\u00e1 envolvida em uma disputa judicial com o Estado de S\u00e3o Paulo. Elas contestam a cobran\u00e7a&hellip;<\/p>","protected":false},"author":1,"featured_media":104691,"comment_status":"closed","ping_status":"open","sticky":false,"template":"","format":"standard","meta":{"content-type":"","footnotes":""},"categories":[16],"tags":[123,2448,5313,1267],"class_list":["post-104690","post","type-post","status-publish","format-standard","has-post-thumbnail","hentry","category-noticias","tag-brasil","tag-diario","tag-noticia","tag-noticias"],"_links":{"self":[{"href":"https:\/\/tvbrazilusa.com\/pt\/wp-json\/wp\/v2\/posts\/104690","targetHints":{"allow":["GET"]}}],"collection":[{"href":"https:\/\/tvbrazilusa.com\/pt\/wp-json\/wp\/v2\/posts"}],"about":[{"href":"https:\/\/tvbrazilusa.com\/pt\/wp-json\/wp\/v2\/types\/post"}],"author":[{"embeddable":true,"href":"https:\/\/tvbrazilusa.com\/pt\/wp-json\/wp\/v2\/users\/1"}],"replies":[{"embeddable":true,"href":"https:\/\/tvbrazilusa.com\/pt\/wp-json\/wp\/v2\/comments?post=104690"}],"version-history":[{"count":1,"href":"https:\/\/tvbrazilusa.com\/pt\/wp-json\/wp\/v2\/posts\/104690\/revisions"}],"predecessor-version":[{"id":104692,"href":"https:\/\/tvbrazilusa.com\/pt\/wp-json\/wp\/v2\/posts\/104690\/revisions\/104692"}],"wp:featuredmedia":[{"embeddable":true,"href":"https:\/\/tvbrazilusa.com\/pt\/wp-json\/wp\/v2\/media\/104691"}],"wp:attachment":[{"href":"https:\/\/tvbrazilusa.com\/pt\/wp-json\/wp\/v2\/media?parent=104690"}],"wp:term":[{"taxonomy":"category","embeddable":true,"href":"https:\/\/tvbrazilusa.com\/pt\/wp-json\/wp\/v2\/categories?post=104690"},{"taxonomy":"post_tag","embeddable":true,"href":"https:\/\/tvbrazilusa.com\/pt\/wp-json\/wp\/v2\/tags?post=104690"}],"curies":[{"name":"wp","href":"https:\/\/api.w.org\/{rel}","templated":true}]}}