{"id":104693,"date":"2025-02-20T02:06:01","date_gmt":"2025-02-20T02:06:01","guid":{"rendered":"https:\/\/tvbrazilusa.com\/2025\/02\/20\/tragedia-homem-sofre-avc-apos-barbeiro-estralar-seu-pescoco-veja-video\/"},"modified":"2025-02-20T02:06:03","modified_gmt":"2025-02-20T02:06:03","slug":"tragedia-homem-sofre-avc-apos-barbeiro-estralar-seu-pescoco-veja-video","status":"publish","type":"post","link":"https:\/\/tvbrazilusa.com\/pt\/2025\/02\/20\/tragedia-homem-sofre-avc-apos-barbeiro-estralar-seu-pescoco-veja-video\/","title":{"rendered":"TRAG\u00c9DIA: Homem sofre AVC ap\u00f3s barbeiro &#8216;estralar&#8217; seu pesco\u00e7o; VEJA V\u00cdDEO"},"content":{"rendered":"<p> <script async src=\"https:\/\/pagead2.googlesyndication.com\/pagead\/js\/adsbygoogle.js?client=ca-pub-8864793242727901\"\r\n     crossorigin=\"anonymous\"><\/script><br \/>\n<\/p>\n<div id=\"taboola-read-more\" style=\"display:block; width:100%\">\n<p>Uma massagem antes da barba quase custou a vida de Ramkumar, de 30 anos, na \u00cdndia. Durante o atendimento em um sal\u00e3o, o barbeiro, sem treinamento, manipulou seu pesco\u00e7o de forma brusca, causando a ruptura de uma art\u00e9ria e um AVC.\n<\/p>\n<p>Segundo o neurologista Sreekanta Swamy, o movimento reduziu o fluxo sangu\u00edneo para o c\u00e9rebro, levando \u00e0 paralisia do lado esquerdo. O homem foi tratado com anticoagulantes e recebeu alta. O m\u00e9dico alerta que tor\u00e7\u00f5es no pesco\u00e7o podem causar AVC e at\u00e9 parada card\u00edaca.<\/p>\n<p><strong>ASSISTA:<\/strong>\n<\/p>\n<p>Fonte: @luizbacci \/ Instagram              <\/p>\n<\/div>\n<p><br \/>\n<br \/><a href=\"https:\/\/diariodobrasilnoticias.com.br\/noticia\/tragedia-homem-sofre-avc-apos-barbeiro-estralar-seu-pescoco-veja-video-67b6622d9dc0e\">Source link <\/a><\/p>","protected":false},"excerpt":{"rendered":"<p>Uma massagem antes da barba quase custou a vida de Ramkumar, de 30 anos, na \u00cdndia. Durante o atendimento em um sal\u00e3o, o barbeiro, sem treinamento, manipulou seu pesco\u00e7o de&hellip;<\/p>","protected":false},"author":1,"featured_media":104694,"comment_status":"closed","ping_status":"open","sticky":false,"template":"","format":"standard","meta":{"content-type":"","footnotes":""},"categories":[16],"tags":[123,2448,5313,1267],"class_list":["post-104693","post","type-post","status-publish","format-standard","has-post-thumbnail","hentry","category-noticias","tag-brasil","tag-diario","tag-noticia","tag-noticias"],"_links":{"self":[{"href":"https:\/\/tvbrazilusa.com\/pt\/wp-json\/wp\/v2\/posts\/104693","targetHints":{"allow":["GET"]}}],"collection":[{"href":"https:\/\/tvbrazilusa.com\/pt\/wp-json\/wp\/v2\/posts"}],"about":[{"href":"https:\/\/tvbrazilusa.com\/pt\/wp-json\/wp\/v2\/types\/post"}],"author":[{"embeddable":true,"href":"https:\/\/tvbrazilusa.com\/pt\/wp-json\/wp\/v2\/users\/1"}],"replies":[{"embeddable":true,"href":"https:\/\/tvbrazilusa.com\/pt\/wp-json\/wp\/v2\/comments?post=104693"}],"version-history":[{"count":1,"href":"https:\/\/tvbrazilusa.com\/pt\/wp-json\/wp\/v2\/posts\/104693\/revisions"}],"predecessor-version":[{"id":104695,"href":"https:\/\/tvbrazilusa.com\/pt\/wp-json\/wp\/v2\/posts\/104693\/revisions\/104695"}],"wp:featuredmedia":[{"embeddable":true,"href":"https:\/\/tvbrazilusa.com\/pt\/wp-json\/wp\/v2\/media\/104694"}],"wp:attachment":[{"href":"https:\/\/tvbrazilusa.com\/pt\/wp-json\/wp\/v2\/media?parent=104693"}],"wp:term":[{"taxonomy":"category","embeddable":true,"href":"https:\/\/tvbrazilusa.com\/pt\/wp-json\/wp\/v2\/categories?post=104693"},{"taxonomy":"post_tag","embeddable":true,"href":"https:\/\/tvbrazilusa.com\/pt\/wp-json\/wp\/v2\/tags?post=104693"}],"curies":[{"name":"wp","href":"https:\/\/api.w.org\/{rel}","templated":true}]}}