{"id":104696,"date":"2025-02-20T02:17:57","date_gmt":"2025-02-20T02:17:57","guid":{"rendered":"https:\/\/tvbrazilusa.com\/2025\/02\/20\/o-pt-pedira-ao-stf-para-que-a-transmissao-do-julgamento-de-bolsonaro-seja-feita-com-sua-equipe\/"},"modified":"2025-02-20T02:17:59","modified_gmt":"2025-02-20T02:17:59","slug":"o-pt-pedira-ao-stf-para-que-a-transmissao-do-julgamento-de-bolsonaro-seja-feita-com-sua-equipe","status":"publish","type":"post","link":"https:\/\/tvbrazilusa.com\/pt\/2025\/02\/20\/o-pt-pedira-ao-stf-para-que-a-transmissao-do-julgamento-de-bolsonaro-seja-feita-com-sua-equipe\/","title":{"rendered":"O PT pedir\u00e1 ao STF para que a transmiss\u00e3o do julgamento de Bolsonaro seja feita com sua equipe"},"content":{"rendered":"<p> <script async src=\"https:\/\/pagead2.googlesyndication.com\/pagead\/js\/adsbygoogle.js?client=ca-pub-8864793242727901\"\r\n     crossorigin=\"anonymous\"><\/script><br \/>\n<\/p>\n<div id=\"taboola-read-more\" style=\"display:block; width:100%\">\n<p>O PT pedir\u00e1 ao STF (Supremo Tribunal Federal) autoriza\u00e7\u00e3o para transmitir o prov\u00e1vel julgamento do ex-presidenteJair Bolsonaro (PL), que deve ocorrer no segundo semestre.\n<\/p>\n<p>Bolsonaro a princ\u00edpio ser\u00e1 julgado pela Primeira Turma do tribunal, embora haja um movimento de alguns ministros para que o caso seja decidido pelo plen\u00e1rio. Em qualquer situa\u00e7\u00e3o, deve haver, como de praxe, transmiss\u00e3o pela TV Justi\u00e7a, que pode ser reaproveitada por sites e canais de not\u00edcias.<\/p>\n<p>O partido, no entanto, quer ter uma estrutura pr\u00f3pria no aguardado evento. A TV PT pretende estar in loco com equipe de filmagem, rep\u00f3rter e comentarista. Um of\u00edcio ao presidente do STF, Lu\u00eds Roberto Barroso, ser\u00e1 enviado nos pr\u00f3ximos dias.\n<\/p>\n<p>&#8220;Queremos estar l\u00e1 porque vai ser um momento hist\u00f3rico, que vai parar o pa\u00eds, quase uma Copa do Mundo&#8221;, diz o secret\u00e1rio de Comunica\u00e7\u00e3o petista, Jilmar Tatto.\n<\/p>\n<p>Fonte: Folha de S.Paulo              <\/p>\n<\/div>\n<p><br \/>\n<br \/><a href=\"https:\/\/diariodobrasilnoticias.com.br\/noticia\/o-pt-pedira-ao-stf-para-que-a-transmissao-do-julgamento-de-bolsonaro-seja-feita-com-sua-equipe-67b6589fa2e2e\">Source link <\/a><\/p>","protected":false},"excerpt":{"rendered":"<p>O PT pedir\u00e1 ao STF (Supremo Tribunal Federal) autoriza\u00e7\u00e3o para transmitir o prov\u00e1vel julgamento do ex-presidenteJair Bolsonaro (PL), que deve ocorrer no segundo semestre. Bolsonaro a princ\u00edpio ser\u00e1 julgado pela&hellip;<\/p>","protected":false},"author":1,"featured_media":104697,"comment_status":"closed","ping_status":"open","sticky":false,"template":"","format":"standard","meta":{"content-type":"","footnotes":""},"categories":[16],"tags":[123,2448,5313,1267],"class_list":["post-104696","post","type-post","status-publish","format-standard","has-post-thumbnail","hentry","category-noticias","tag-brasil","tag-diario","tag-noticia","tag-noticias"],"_links":{"self":[{"href":"https:\/\/tvbrazilusa.com\/pt\/wp-json\/wp\/v2\/posts\/104696","targetHints":{"allow":["GET"]}}],"collection":[{"href":"https:\/\/tvbrazilusa.com\/pt\/wp-json\/wp\/v2\/posts"}],"about":[{"href":"https:\/\/tvbrazilusa.com\/pt\/wp-json\/wp\/v2\/types\/post"}],"author":[{"embeddable":true,"href":"https:\/\/tvbrazilusa.com\/pt\/wp-json\/wp\/v2\/users\/1"}],"replies":[{"embeddable":true,"href":"https:\/\/tvbrazilusa.com\/pt\/wp-json\/wp\/v2\/comments?post=104696"}],"version-history":[{"count":1,"href":"https:\/\/tvbrazilusa.com\/pt\/wp-json\/wp\/v2\/posts\/104696\/revisions"}],"predecessor-version":[{"id":104698,"href":"https:\/\/tvbrazilusa.com\/pt\/wp-json\/wp\/v2\/posts\/104696\/revisions\/104698"}],"wp:featuredmedia":[{"embeddable":true,"href":"https:\/\/tvbrazilusa.com\/pt\/wp-json\/wp\/v2\/media\/104697"}],"wp:attachment":[{"href":"https:\/\/tvbrazilusa.com\/pt\/wp-json\/wp\/v2\/media?parent=104696"}],"wp:term":[{"taxonomy":"category","embeddable":true,"href":"https:\/\/tvbrazilusa.com\/pt\/wp-json\/wp\/v2\/categories?post=104696"},{"taxonomy":"post_tag","embeddable":true,"href":"https:\/\/tvbrazilusa.com\/pt\/wp-json\/wp\/v2\/tags?post=104696"}],"curies":[{"name":"wp","href":"https:\/\/api.w.org\/{rel}","templated":true}]}}