{"id":104790,"date":"2025-02-20T12:36:56","date_gmt":"2025-02-20T12:36:56","guid":{"rendered":"https:\/\/tvbrazilusa.com\/2025\/02\/20\/o-black-decker-de-connecticut-processa-a-fabricante-de-copos-stanley-por-uso-do-nome\/"},"modified":"2025-02-20T12:43:40","modified_gmt":"2025-02-20T12:43:40","slug":"o-black-decker-de-connecticut-processa-a-fabricante-de-copos-stanley-por-uso-do-nome","status":"publish","type":"post","link":"https:\/\/tvbrazilusa.com\/pt\/2025\/02\/20\/o-black-decker-de-connecticut-processa-a-fabricante-de-copos-stanley-por-uso-do-nome\/","title":{"rendered":"O Black &#038; Decker de Connecticut processa a fabricante de copos Stanley por uso do nome"},"content":{"rendered":"<script async src=\"https:\/\/pagead2.googlesyndication.com\/pagead\/js\/adsbygoogle.js?client=ca-pub-8864793242727901\"\r\n     crossorigin=\"anonymous\"><\/script>\n<p>CONNECTICUT (WTNH)-O Stanley Black &#038; Decker, com sede em Connecticut, est\u00e1 processando a empresa por tr\u00e1s do popular Drinkware, Stanley, sobre o uso de seu nome. <\/p>\n<p>O processo, que foi arquivado na segunda -feira, afirma que o Pacific Market International, os fabricantes de Stanley, violou uma s\u00e9rie de acordos que come\u00e7aram em 1966 e continuou em 2012 por causa de sua probabilidade de consumidores confusos. <\/p>\n<p>No contrato, o PMI foi proibido de usar Stanley como nome da empresa, limitou o uso de Stanley a categorias espec\u00edficas de mercadorias e colocou restri\u00e7\u00f5es no dom\u00ednio do site, publicidade e muito mais, de acordo com o processo. <\/p>\n<div class=\"nlp-ignore-block article-content rich-text\">\n<aside class=\"promo-link\">\n\t<a href=\"https:\/\/www.wtnh.com\/news\/national\/stanley-recalls-2-6-million-mugs-heres-whats-affected\/?ipid=promo-link-block1\" class=\"promo-link__link\"><\/p>\n<p>\t\tStanley lembra 2,6 milh\u00f5es de canecas. Aqui est\u00e1 o que \u00e9 afetado\t<\/a><br \/>\n<\/aside>\n<\/div>\n<p>O processo afirma que o PMI &#8220;voluntariamente e intencionalmente&#8221; ignorou as restri\u00e7\u00f5es que as empresas concordaram usando Stanley amplamente, de maneiras que eram restritas e violaram os direitos de marca registrada. <\/p>\n<p>De acordo com o processo, o PMI desviou indefinir o nome de &#8220;sucesso viral&#8221; e expandiu al\u00e9m dos limites do contrato, relacionados ao dom\u00ednio do site, \u00e0s marca\u00e7\u00f5es do produto e \u00e0 publicidade, confundindo clientes vendendo mercadorias da marca Stanley. <\/p>\n<p>Stanley Black &#038; Decker est\u00e1 buscando uma compensa\u00e7\u00e3o e o fim do uso indevido do nome de Stanley pelo PMI. <\/p>\n<p>A Stanley Black &#038; Decker vendeu produtos da marca Stanley para clientes por mais de 180 anos, como facas, ilumina\u00e7\u00e3o, equipamentos e muito mais. <\/p>\n<p><br \/>\n<br \/><a href=\"https:\/\/www.wtnh.com\/news\/connecticut\/connecticut-black-decker-sues-stanley-cup-over-use-of-name\/\">Source link <\/a><\/p>","protected":false},"excerpt":{"rendered":"<p>CONNECTICUT (WTNH)-O Stanley Black &#038; Decker, com sede em Connecticut, est\u00e1 processando a empresa por tr\u00e1s do popular Drinkware, Stanley, sobre o uso de seu nome. O processo, que foi&hellip;<\/p>","protected":false},"author":1,"featured_media":104791,"comment_status":"closed","ping_status":"open","sticky":false,"template":"","format":"standard","meta":{"content-type":"","footnotes":""},"categories":[1],"tags":[],"class_list":["post-104790","post","type-post","status-publish","format-standard","has-post-thumbnail","hentry","category-uncategorized"],"_links":{"self":[{"href":"https:\/\/tvbrazilusa.com\/pt\/wp-json\/wp\/v2\/posts\/104790","targetHints":{"allow":["GET"]}}],"collection":[{"href":"https:\/\/tvbrazilusa.com\/pt\/wp-json\/wp\/v2\/posts"}],"about":[{"href":"https:\/\/tvbrazilusa.com\/pt\/wp-json\/wp\/v2\/types\/post"}],"author":[{"embeddable":true,"href":"https:\/\/tvbrazilusa.com\/pt\/wp-json\/wp\/v2\/users\/1"}],"replies":[{"embeddable":true,"href":"https:\/\/tvbrazilusa.com\/pt\/wp-json\/wp\/v2\/comments?post=104790"}],"version-history":[{"count":1,"href":"https:\/\/tvbrazilusa.com\/pt\/wp-json\/wp\/v2\/posts\/104790\/revisions"}],"predecessor-version":[{"id":104792,"href":"https:\/\/tvbrazilusa.com\/pt\/wp-json\/wp\/v2\/posts\/104790\/revisions\/104792"}],"wp:featuredmedia":[{"embeddable":true,"href":"https:\/\/tvbrazilusa.com\/pt\/wp-json\/wp\/v2\/media\/104791"}],"wp:attachment":[{"href":"https:\/\/tvbrazilusa.com\/pt\/wp-json\/wp\/v2\/media?parent=104790"}],"wp:term":[{"taxonomy":"category","embeddable":true,"href":"https:\/\/tvbrazilusa.com\/pt\/wp-json\/wp\/v2\/categories?post=104790"},{"taxonomy":"post_tag","embeddable":true,"href":"https:\/\/tvbrazilusa.com\/pt\/wp-json\/wp\/v2\/tags?post=104790"}],"curies":[{"name":"wp","href":"https:\/\/api.w.org\/{rel}","templated":true}]}}