{"id":104799,"date":"2025-02-20T13:18:43","date_gmt":"2025-02-20T13:18:43","guid":{"rendered":"https:\/\/tvbrazilusa.com\/2025\/02\/20\/imprudencia-no-ar-o-aumento-de-acidentes-com-avioes-no-brasil-expoem-o-descumprimento-de-regras-da-aviacao\/"},"modified":"2025-02-20T13:18:45","modified_gmt":"2025-02-20T13:18:45","slug":"imprudencia-no-ar-o-aumento-de-acidentes-com-avioes-no-brasil-expoem-o-descumprimento-de-regras-da-aviacao","status":"publish","type":"post","link":"https:\/\/tvbrazilusa.com\/pt\/2025\/02\/20\/imprudencia-no-ar-o-aumento-de-acidentes-com-avioes-no-brasil-expoem-o-descumprimento-de-regras-da-aviacao\/","title":{"rendered":"Imprud\u00eancia no ar: O aumento de acidentes com avi\u00f5es no Brasil exp\u00f5em o descumprimento de regras da avia\u00e7\u00e3o"},"content":{"rendered":"<p> <script async src=\"https:\/\/pagead2.googlesyndication.com\/pagead\/js\/adsbygoogle.js?client=ca-pub-8864793242727901\"\r\n     crossorigin=\"anonymous\"><\/script><br \/>\n<\/p>\n<div>\n<figure class=\"post-image\">\n<\/figure>\n<p>            <span style=\"font-size: 12px\"> Foto: Divulga\u00e7\u00e3o\/Pol\u00edcia Militar<\/span><\/p>\n<p>            <!-- end metas --><br \/>\n            <!-- ADS --><\/p>\n<div id=\"taboola-read-more\" style=\"display:block; width:100%\">\n<p>Por que tantos avi\u00f5es est\u00e3o caindo? Esse foi o assunto mais pesquisado pelos brasileiros no \u00faltimo fim de semana, 8 e 9. A quest\u00e3o parecia refletir o misto de curiosidade e perplexidade com a s\u00e9rie de acidentes a\u00e9reos entre o fim de 2024 e o in\u00edcio de 2025. Pouco mais de tr\u00eas anos se passaram desde a tr\u00e1gica morte da cantora sertaneja Mar\u00edlia Mendon\u00e7a, cujo avi\u00e3o se despeda\u00e7ou em Minas Gerais, depois de bater em um cabo de alta tens\u00e3o. As recentes quedas de pelo menos tr\u00eas aeronaves chamaram a aten\u00e7\u00e3o do p\u00fablico e colocaram as autoridades em alerta.\n<\/p>\n<p>Afinal, a avia\u00e7\u00e3o executiva brasileira vive uma crise de seguran\u00e7a? Ou a tens\u00e3o \u00e9 apenas uma percep\u00e7\u00e3o pontual depois de tr\u00eas epis\u00f3dios emblem\u00e1ticos? Para especialistas, as estat\u00edsticas preocupam. Em 2024, o Brasil bateu o recorde de acidentes a\u00e9reos. Foram 175 ocorr\u00eancias, de acordo com o Sistema de Investiga\u00e7\u00e3o e Preven\u00e7\u00e3o de Acidentes Aeron\u00e1uticos (Sipaer), ligado \u00e0 For\u00e7a A\u00e9rea Brasileira (FAB).<\/p>\n<p>Por que tantos avi\u00f5es est\u00e3o caindo? Esse foi o assunto mais pesquisado pelos brasileiros no \u00faltimo fim de semana, 8 e 9. A quest\u00e3o parecia refletir o misto de curiosidade e perplexidade com a s\u00e9rie de acidentes a\u00e9reos entre o fim de 2024 e o in\u00edcio de 2025. Pouco mais de tr\u00eas anos se passaram desde a tr\u00e1gica morte da cantora sertaneja Mar\u00edlia Mendon\u00e7a, cujo avi\u00e3o se despeda\u00e7ou em Minas Gerais, depois de bater em um cabo de alta tens\u00e3o. As recentes quedas de pelo menos tr\u00eas aeronaves chamaram a aten\u00e7\u00e3o do p\u00fablico e colocaram as autoridades em alerta.\n<\/p>\n<p>Afinal, a avia\u00e7\u00e3o executiva brasileira vive uma crise de seguran\u00e7a? Ou a tens\u00e3o \u00e9 apenas uma percep\u00e7\u00e3o pontual depois de tr\u00eas epis\u00f3dios emblem\u00e1ticos? Para especialistas, as estat\u00edsticas preocupam. Em 2024, o Brasil bateu o recorde de acidentes a\u00e9reos. Foram 175 ocorr\u00eancias, de acordo com o Sistema de Investiga\u00e7\u00e3o e Preven\u00e7\u00e3o de Acidentes Aeron\u00e1uticos (Sipaer), ligado \u00e0 For\u00e7a A\u00e9rea Brasileira (FAB).\n<\/p>\n<p>Fonte: Revista Oeste              <\/p>\n<\/div>\n<p>                        <!-- Scripts para conteudo --><\/p>\n<p>            <!-- .\/Scripts para conteudo --><br \/>\n            <!-- .\/Mat\u00e9ria --><\/p>\n<div class=\"row mt-3\">\n<div class=\"col-sm-6\">\n                <!-- Whatsapp channel 3--><br \/>\n                <a href=\"https:\/\/chat.whatsapp.com\/B8Qy6Erx4kb6yTzj3kaDco\" target=\"_blank\"><br \/>\n                  <img decoding=\"async\" src=\"https:\/\/diariodobrasilnoticias.com.br\/assets-site\/images\/bot_whatsapp.png\"\/><\/a>\n              <\/div>\n<div class=\"col-sm-6\">\n                <a href=\"https:\/\/t.me\/+_4gTmi5LKo03OTM5\" target=\"_blank\"><br \/>\n                  <img decoding=\"async\" src=\"https:\/\/diariodobrasilnoticias.com.br\/assets-site\/images\/bot_telegram.png\"\/><\/a>\n              <\/div>\n<\/p><\/div>\n<p>            <!-- end post-navigation --><\/p>\n<p>              <!-- end row --><\/p>\n<p>              <!-- end col-12-->\n                      <\/div>\n<p><br \/>\n<br \/><a href=\"https:\/\/diariodobrasilnoticias.com.br\/noticia\/imprudencia-no-ar-o-aumento-de-acidentes-com-avioes-no-brasil-expoem-o-descumprimento-de-regras-da-aviacao-67b71a7b2af87\">Source link <\/a><\/p>","protected":false},"excerpt":{"rendered":"<p>Foto: Divulga\u00e7\u00e3o\/Pol\u00edcia Militar Por que tantos avi\u00f5es est\u00e3o caindo? Esse foi o assunto mais pesquisado pelos brasileiros no \u00faltimo fim de semana, 8 e 9. A quest\u00e3o parecia refletir o&hellip;<\/p>","protected":false},"author":1,"featured_media":104800,"comment_status":"closed","ping_status":"open","sticky":false,"template":"","format":"standard","meta":{"content-type":"","footnotes":""},"categories":[16],"tags":[123,2448,5313,1267],"class_list":["post-104799","post","type-post","status-publish","format-standard","has-post-thumbnail","hentry","category-noticias","tag-brasil","tag-diario","tag-noticia","tag-noticias"],"_links":{"self":[{"href":"https:\/\/tvbrazilusa.com\/pt\/wp-json\/wp\/v2\/posts\/104799","targetHints":{"allow":["GET"]}}],"collection":[{"href":"https:\/\/tvbrazilusa.com\/pt\/wp-json\/wp\/v2\/posts"}],"about":[{"href":"https:\/\/tvbrazilusa.com\/pt\/wp-json\/wp\/v2\/types\/post"}],"author":[{"embeddable":true,"href":"https:\/\/tvbrazilusa.com\/pt\/wp-json\/wp\/v2\/users\/1"}],"replies":[{"embeddable":true,"href":"https:\/\/tvbrazilusa.com\/pt\/wp-json\/wp\/v2\/comments?post=104799"}],"version-history":[{"count":1,"href":"https:\/\/tvbrazilusa.com\/pt\/wp-json\/wp\/v2\/posts\/104799\/revisions"}],"predecessor-version":[{"id":104801,"href":"https:\/\/tvbrazilusa.com\/pt\/wp-json\/wp\/v2\/posts\/104799\/revisions\/104801"}],"wp:featuredmedia":[{"embeddable":true,"href":"https:\/\/tvbrazilusa.com\/pt\/wp-json\/wp\/v2\/media\/104800"}],"wp:attachment":[{"href":"https:\/\/tvbrazilusa.com\/pt\/wp-json\/wp\/v2\/media?parent=104799"}],"wp:term":[{"taxonomy":"category","embeddable":true,"href":"https:\/\/tvbrazilusa.com\/pt\/wp-json\/wp\/v2\/categories?post=104799"},{"taxonomy":"post_tag","embeddable":true,"href":"https:\/\/tvbrazilusa.com\/pt\/wp-json\/wp\/v2\/tags?post=104799"}],"curies":[{"name":"wp","href":"https:\/\/api.w.org\/{rel}","templated":true}]}}