{"id":104819,"date":"2025-02-20T14:47:51","date_gmt":"2025-02-20T14:47:51","guid":{"rendered":"https:\/\/tvbrazilusa.com\/2025\/02\/20\/picks-de-artes-21-23-de-fevereiro-jacksonville-hoje\/"},"modified":"2025-02-20T14:53:48","modified_gmt":"2025-02-20T14:53:48","slug":"picks-de-artes-21-23-de-fevereiro-jacksonville-hoje","status":"publish","type":"post","link":"https:\/\/tvbrazilusa.com\/pt\/2025\/02\/20\/picks-de-artes-21-23-de-fevereiro-jacksonville-hoje\/","title":{"rendered":"Picks de artes | 21-23 de fevereiro | Jacksonville hoje"},"content":{"rendered":"<p> <script async src=\"https:\/\/pagead2.googlesyndication.com\/pagead\/js\/adsbygoogle.js?client=ca-pub-8864793242727901\"\r\n     crossorigin=\"anonymous\"><\/script><br \/>\n<\/p>\n<div>\n<div class=\"wp-block-image\">\n<figure class=\"aligncenter size-full\"><\/figure>\n<\/div>\n<p><strong>Sexta-feira<\/strong><\/p>\n<p><strong>Zuill Bailey e Jason Vieaux<\/strong><\/p>\n<p><strong>Igreja Episcopal de S\u00e3o Paulo | Jacksonville Beach<\/strong><\/p>\n<p>O violoncelista Zuill Bailey, de renome internacional, vencedor do Grammy, se apresenta com o maestro de guitarra cl\u00e1ssico e o colega vencedor do Grammy Jason Vieaux como parte da s\u00e9rie de belas artes da praias na sexta-feira. Novos trabalhos do artista sueco \u00c5ke Arnerdal estar\u00e3o em exibi\u00e7\u00e3o ap\u00f3s o show. Performance \u00e0s 19:30 (Portas: 6:45) <a href=\"https:\/\/beachesfinearts.org\/zuill-bailey-and-jason-vieaux\/\" target=\"_blank\" rel=\"noreferrer noopener nofollow\">Ingressos e mais informa\u00e7\u00f5es<\/a>. <\/p>\n<hr class=\"wp-block-separator has-alpha-channel-opacity\"\/>\n<div class=\"wp-block-image\">\n<figure class=\"aligncenter size-full\"><img loading=\"lazy\" color=\"7e6166\" transparency=\"true\" style=\"--dominant-color: #7e6166;\" decoding=\"async\" width=\"1080\" height=\"1081\" src=\"https:\/\/jaxtoday.org\/wp-content\/uploads\/2025\/02\/jme_soundstage_series-social-rahill_feature-01.png\" alt=\"\" class=\"has-transparency wp-image-88229\" srcset=\"https:\/\/jaxtoday.org\/wp-content\/uploads\/2025\/02\/jme_soundstage_series-social-rahill_feature-01.png 1080w, https:\/\/jaxtoday.org\/wp-content\/uploads\/2025\/02\/jme_soundstage_series-social-rahill_feature-01-300x300.png 300w, https:\/\/jaxtoday.org\/wp-content\/uploads\/2025\/02\/jme_soundstage_series-social-rahill_feature-01-1024x1024.png 1024w, https:\/\/jaxtoday.org\/wp-content\/uploads\/2025\/02\/jme_soundstage_series-social-rahill_feature-01-150x150.png 150w, https:\/\/jaxtoday.org\/wp-content\/uploads\/2025\/02\/jme_soundstage_series-social-rahill_feature-01-768x769.png 768w, https:\/\/jaxtoday.org\/wp-content\/uploads\/2025\/02\/jme_soundstage_series-social-rahill_feature-01-240x240.png 240w, https:\/\/jaxtoday.org\/wp-content\/uploads\/2025\/02\/jme_soundstage_series-social-rahill_feature-01-100x100.png 100w\" sizes=\"auto, (max-width: 1080px) 100vw, 1080px\"\/><\/figure>\n<\/div>\n<p><strong>Sexta-feira <\/strong><\/p>\n<p><strong>JME Soundstage Series: Rahill <\/strong><\/p>\n<p><strong>WJCT SoundStage | Downtown Jacksonville<\/strong><\/p>\n<p>Rahill, multi-instrumentista e artista de pop indie-pop iranianos, cujo \u00e1lbum 2023 aclamado pela cr\u00edtica apresentou Beck, manchete a primeira parte da s\u00e9rie JME Soundstage na sexta .Utie. O ato de abertura \u00e0s 19h (portas: 18:00) os ingressos come\u00e7am em US $ 25. <a href=\"https:\/\/wjct.ticketspice.com\/jme-concert-series?_gl=1*h61447*_ga*MTkzMzI4NTc2NC4xNzI1NTczMjMw*_ga_JGXVS6FCB3*MTc0MDA1OTgyNC4zMTAuMS4xNzQwMDU5OTQyLjAuMC4w\" target=\"_blank\" rel=\"noreferrer noopener nofollow\">Ingressos da s\u00e9rie<\/a> (O acesso a todos os quatro shows da s\u00e9rie) custa US $ 80. <a href=\"https:\/\/wjct.ticketspice.com\/rahill?t=jme-website&#038;_gl=1*11q14ib*_ga*MTkzMzI4NTc2NC4xNzI1NTczMjMw*_ga_JGXVS6FCB3*MTc0MDA1OTgyNC4zMTAuMS4xNzQwMDU5ODQyLjAuMC4w\" target=\"_blank\" rel=\"noreferrer noopener nofollow\">Ingressos e mais informa\u00e7\u00f5es<\/a>. <\/p>\n<hr class=\"wp-block-separator has-alpha-channel-opacity\"\/>\n<figure class=\"wp-block-image size-full is-resized\"><img loading=\"lazy\" color=\"694e74\" transparency=\"false\" decoding=\"async\" width=\"474\" height=\"279\" src=\"https:\/\/jaxtoday.org\/wp-content\/uploads\/2025\/02\/love-takes-flight-wings-strings-474-279-1639.jpg\" alt=\"\" class=\"not-transparent wp-image-88232\" style=\"--dominant-color: #694e74; width:840px;height:auto\" srcset=\"https:\/\/jaxtoday.org\/wp-content\/uploads\/2025\/02\/love-takes-flight-wings-strings-474-279-1639.jpg 474w, https:\/\/jaxtoday.org\/wp-content\/uploads\/2025\/02\/love-takes-flight-wings-strings-474-279-1639-300x177.jpg 300w, https:\/\/jaxtoday.org\/wp-content\/uploads\/2025\/02\/love-takes-flight-wings-strings-474-279-1639-408x240.jpg 408w, https:\/\/jaxtoday.org\/wp-content\/uploads\/2025\/02\/love-takes-flight-wings-strings-474-279-1639-100x59.jpg 100w\" sizes=\"auto, (max-width: 474px) 100vw, 474px\"\/><\/figure>\n<div class=\"wp-block-group\">\n<div class=\"wp-block-group__inner-container is-layout-constrained wp-block-group-is-layout-constrained\">\n<p><strong>Sexta e s\u00e1bado <\/strong><\/p>\n<p><strong><em>O amor toma voo<\/em>: <em>Asas e cordas<\/em><\/strong><\/p>\n<p><strong>Bal\u00e9 da Fl\u00f3rida | Atlantic Boulevard<\/strong><\/p>\n<p>As duas performances finais de <em>O amor toma voo: asas e cordas<\/em>um programa de dois bal\u00e9s contempor\u00e2neos &#8211; Jill Eathorne Bahr <em>Asas<\/em> e um novo trabalho de Roberto Forleo chamado <em>Cordas<\/em> &#8211; est\u00e3o na sexta e s\u00e1bado no Black Box Theatre do Florida Ballet. Ambas as performances come\u00e7am \u00e0s 19h <a href=\"https:\/\/floridaballet.myboxoffice.us\/program\/love-takes-flight-wings-strings-2194\" target=\"_blank\" rel=\"noreferrer noopener nofollow\">Ingressos e mais informa\u00e7\u00f5es<\/a>. <\/p>\n<\/div>\n<\/div>\n<\/div>\n<p><br \/>\n<br \/><a href=\"https:\/\/jaxtoday.org\/2025\/02\/20\/arts-picks-feb-21-23\/\">Source link <\/a><\/p>","protected":false},"excerpt":{"rendered":"<p>Sexta-feira Zuill Bailey e Jason Vieaux Igreja Episcopal de S\u00e3o Paulo | Jacksonville Beach O violoncelista Zuill Bailey, de renome internacional, vencedor do Grammy, se apresenta com o maestro de&hellip;<\/p>","protected":false},"author":1,"featured_media":104820,"comment_status":"closed","ping_status":"open","sticky":false,"template":"","format":"standard","meta":{"content-type":"","footnotes":""},"categories":[1],"tags":[],"class_list":["post-104819","post","type-post","status-publish","format-standard","has-post-thumbnail","hentry","category-uncategorized"],"_links":{"self":[{"href":"https:\/\/tvbrazilusa.com\/pt\/wp-json\/wp\/v2\/posts\/104819","targetHints":{"allow":["GET"]}}],"collection":[{"href":"https:\/\/tvbrazilusa.com\/pt\/wp-json\/wp\/v2\/posts"}],"about":[{"href":"https:\/\/tvbrazilusa.com\/pt\/wp-json\/wp\/v2\/types\/post"}],"author":[{"embeddable":true,"href":"https:\/\/tvbrazilusa.com\/pt\/wp-json\/wp\/v2\/users\/1"}],"replies":[{"embeddable":true,"href":"https:\/\/tvbrazilusa.com\/pt\/wp-json\/wp\/v2\/comments?post=104819"}],"version-history":[{"count":1,"href":"https:\/\/tvbrazilusa.com\/pt\/wp-json\/wp\/v2\/posts\/104819\/revisions"}],"predecessor-version":[{"id":104821,"href":"https:\/\/tvbrazilusa.com\/pt\/wp-json\/wp\/v2\/posts\/104819\/revisions\/104821"}],"wp:featuredmedia":[{"embeddable":true,"href":"https:\/\/tvbrazilusa.com\/pt\/wp-json\/wp\/v2\/media\/104820"}],"wp:attachment":[{"href":"https:\/\/tvbrazilusa.com\/pt\/wp-json\/wp\/v2\/media?parent=104819"}],"wp:term":[{"taxonomy":"category","embeddable":true,"href":"https:\/\/tvbrazilusa.com\/pt\/wp-json\/wp\/v2\/categories?post=104819"},{"taxonomy":"post_tag","embeddable":true,"href":"https:\/\/tvbrazilusa.com\/pt\/wp-json\/wp\/v2\/tags?post=104819"}],"curies":[{"name":"wp","href":"https:\/\/api.w.org\/{rel}","templated":true}]}}