{"id":104839,"date":"2025-02-20T16:10:17","date_gmt":"2025-02-20T16:10:17","guid":{"rendered":"https:\/\/tvbrazilusa.com\/2025\/02\/20\/new-britain-man-acusado-de-assassinato-em-2021-somers-homicide-case\/"},"modified":"2025-02-20T16:17:15","modified_gmt":"2025-02-20T16:17:15","slug":"new-britain-man-acusado-de-assassinato-em-2021-somers-homicide-case","status":"publish","type":"post","link":"https:\/\/tvbrazilusa.com\/pt\/2025\/02\/20\/new-britain-man-acusado-de-assassinato-em-2021-somers-homicide-case\/","title":{"rendered":"New Britain Man acusado de assassinato em 2021 Somers Homicide Case"},"content":{"rendered":"<script async src=\"https:\/\/pagead2.googlesyndication.com\/pagead\/js\/adsbygoogle.js?client=ca-pub-8864793242727901\"\r\n     crossorigin=\"anonymous\"><\/script>\n<p><em>O v\u00eddeo de arquivo acima foi ao ar em agosto de 2021.<\/em><\/p>\n<p>HADAAM, Connecticut (WTNH) &#8211; A pol\u00edcia do estado diz que um homem da Nova Gr\u00e3 -Bretanha est\u00e1 enfrentando acusa\u00e7\u00f5es de assassinato e sequestro em conex\u00e3o com o assassinato de um homem de Massachusetts em Somers h\u00e1 v\u00e1rios anos. <\/p>\n<p>Timothy Lange, 35, foi preso com a for\u00e7a de um mandado de pris\u00e3o selado no tribunal em Haddam em 19 de fevereiro. Ele foi acusado de: <\/p>\n<ul>\n<li>Assassinato criminal<\/li>\n<li>Sequestro em primeiro grau<\/li>\n<li>Conspira\u00e7\u00e3o em primeiro grau para cometer sequestro<\/li>\n<li>Acess\u00f3rio de primeiro grau para sequestro<\/li>\n<li>Roubo em primeiro grau<\/li>\n<li>Conspira\u00e7\u00e3o em primeiro grau para cometer roubo<\/li>\n<li>Acess\u00f3rio de primeiro grau ao assalto <\/li>\n<\/ul>\n<p>As acusa\u00e7\u00f5es decorrem de uma investiga\u00e7\u00e3o iniciada em agosto de 2021, quando Jason vem de 38 anos foi encontrado falecido em um ve\u00edculo em uma \u00e1rea remota na Durkee Road, em Somers. <\/p>\n<p>Na \u00e9poca, o escrit\u00f3rio do m\u00e9dico legista de Connecticut, declarou que a morte de &#8216;\u00e9 um homic\u00eddio com um ferimento de tronco de bala com perfura\u00e7\u00e3o de cora\u00e7\u00e3o e pulm\u00f5es.<\/p>\n<p>A pol\u00edcia estadual disse que a investiga\u00e7\u00e3o determinou que Lange \u00e9 um membro da Gangue de Motocicletas da Outlaws. <\/p>\n<div class=\"nlp-ignore-block article-content rich-text\">\n<aside class=\"promo-link\">\n\t<a href=\"https:\/\/www.wtnh.com\/news\/connecticut\/tolland\/state-police-major-crimes-investigate-scene-in-somers-thursday\/?ipid=promo-link-block1\" class=\"promo-link__link\" target=\"\"_blank\"\"><\/p>\n<p>\t\tCEF Medical Examiner declara a morte suspeita em Somers como homic\u00eddio\t<\/a><br \/>\n<\/aside>\n<\/div>\n<p>Ele foi mantido sob um t\u00edtulo de US $ 1,5 milh\u00e3o no tribunal e est\u00e1 programado para comparecer ao Tribunal Superior de Rockville em 20 de fevereiro. <\/p>\n<p>A investiga\u00e7\u00e3o permanece ativa. <\/p>\n<p><br \/>\n<br \/><a href=\"https:\/\/www.wtnh.com\/news\/connecticut\/new-britain-man-charged-with-murder-in-2021-somers-homicide-case\/\">Source link <\/a><\/p>","protected":false},"excerpt":{"rendered":"<p>O v\u00eddeo de arquivo acima foi ao ar em agosto de 2021. HADAAM, Connecticut (WTNH) &#8211; A pol\u00edcia do estado diz que um homem da Nova Gr\u00e3 -Bretanha est\u00e1 enfrentando&hellip;<\/p>","protected":false},"author":1,"featured_media":104840,"comment_status":"closed","ping_status":"open","sticky":false,"template":"","format":"standard","meta":{"content-type":"","footnotes":""},"categories":[1],"tags":[],"class_list":["post-104839","post","type-post","status-publish","format-standard","has-post-thumbnail","hentry","category-uncategorized"],"_links":{"self":[{"href":"https:\/\/tvbrazilusa.com\/pt\/wp-json\/wp\/v2\/posts\/104839","targetHints":{"allow":["GET"]}}],"collection":[{"href":"https:\/\/tvbrazilusa.com\/pt\/wp-json\/wp\/v2\/posts"}],"about":[{"href":"https:\/\/tvbrazilusa.com\/pt\/wp-json\/wp\/v2\/types\/post"}],"author":[{"embeddable":true,"href":"https:\/\/tvbrazilusa.com\/pt\/wp-json\/wp\/v2\/users\/1"}],"replies":[{"embeddable":true,"href":"https:\/\/tvbrazilusa.com\/pt\/wp-json\/wp\/v2\/comments?post=104839"}],"version-history":[{"count":1,"href":"https:\/\/tvbrazilusa.com\/pt\/wp-json\/wp\/v2\/posts\/104839\/revisions"}],"predecessor-version":[{"id":104841,"href":"https:\/\/tvbrazilusa.com\/pt\/wp-json\/wp\/v2\/posts\/104839\/revisions\/104841"}],"wp:featuredmedia":[{"embeddable":true,"href":"https:\/\/tvbrazilusa.com\/pt\/wp-json\/wp\/v2\/media\/104840"}],"wp:attachment":[{"href":"https:\/\/tvbrazilusa.com\/pt\/wp-json\/wp\/v2\/media?parent=104839"}],"wp:term":[{"taxonomy":"category","embeddable":true,"href":"https:\/\/tvbrazilusa.com\/pt\/wp-json\/wp\/v2\/categories?post=104839"},{"taxonomy":"post_tag","embeddable":true,"href":"https:\/\/tvbrazilusa.com\/pt\/wp-json\/wp\/v2\/tags?post=104839"}],"curies":[{"name":"wp","href":"https:\/\/api.w.org\/{rel}","templated":true}]}}