{"id":104842,"date":"2025-02-20T16:13:27","date_gmt":"2025-02-20T16:13:27","guid":{"rendered":"https:\/\/tvbrazilusa.com\/2025\/02\/20\/inflacao-esta-razoavelmente-controlada-afirma-lula-paulo-figueiredo-tv-florida-usa-a-sua-tv-brasileira-nos-estados-unidos\/"},"modified":"2025-02-20T16:57:51","modified_gmt":"2025-02-20T16:57:51","slug":"inflacao-esta-razoavelmente-controlada-afirma-lula-paulo-figueiredo-tv-florida-usa-a-sua-tv-brasileira-nos-estados-unidos","status":"publish","type":"post","link":"https:\/\/tvbrazilusa.com\/pt\/2025\/02\/20\/inflacao-esta-razoavelmente-controlada-afirma-lula-paulo-figueiredo-tv-florida-usa-a-sua-tv-brasileira-nos-estados-unidos\/","title":{"rendered":"Infla\u00e7\u00e3o est\u00e1 \u201crazoavelmente controlada\u201d, afirma Lula \u2013 Paulo Figueiredo \u2013 TV Florida USA \u2013 A sua TV Brasileira nos Estados Unidos"},"content":{"rendered":"<p> <script async src=\"https:\/\/pagead2.googlesyndication.com\/pagead\/js\/adsbygoogle.js?client=ca-pub-8864793242727901\"\r\n     crossorigin=\"anonymous\"><\/script><br \/>\n<\/p>\n<div id=\"wtr-content\" data-bg=\"#FFFFFF\" data-fg=\"#006d91\" data-width=\"25\" data-mute=\"1\" data-fgopacity=\"1.00\" data-mutedopacity=\"0.5\" data-placement=\"bottom\" data-placement-offset=\"0\" data-content-offset=\"262\" data-placement-touch=\"bottom\" data-placement-offset-touch=\"0\" data-transparent=\"\" data-shadow=\"0\" data-touch=\"1\" data-non-touch=\"1\" data-comments=\"0\" data-commentsbg=\"transparent\" data-location=\"page\" data-mutedfg=\"#006d91\" data-endfg=\"#006d91\" data-rtl=\"\">\n<h3 class=\"wp-block-heading\">A infla\u00e7\u00e3o de alimentos do Brasil foi a 4\u00aa maior entre os principais pa\u00edses latino-americanos em 2024<\/h3>\n<p>O presidente\u00a0Luiz In\u00e1cio Lula da Silva\u00a0(PT) disse nesta 5\u00aa feira (20.fev.2025) que a infla\u00e7\u00e3o est\u00e1 razoavelmente controlada.<em>\u00a0\u201cN\u00e3o h\u00e1 nada escapando do controle\u201d<\/em>, afirmou.<\/p>\n<p>Em entrevista \u00e0\u00a0<em>R\u00e1dio Tupi<\/em>, do Rio de Janeiro, Lula afirmou que sabe da alta dos\u00a0pre\u00e7os dos alimentos\u00a0e que se articula para conversar com empres\u00e1rios do setor. O presidente afirmou que tem como compromisso\u00a0<em>\u201cmelhorar e baratear o custo de vida do povo\u201d<\/em>.<\/p>\n<p><em>\u201cTivemos um defict fiscal de 0,09%, que \u00e9 quase 0. Portanto, nosso papel \u00e9 fazer pol\u00edtica para melhorar a vida do povo e para baratear o custo de vida para o povo\u201d<\/em>, declarou \u00e0 R\u00e1dio Tupi.<\/p>\n<h4 class=\"wp-block-heading\">INFLA\u00c7\u00c3O ANTE PARES<\/h4>\n<p>O\u00a0<strong>Poder360<\/strong>\u00a0mostrou\u00a0que a infla\u00e7\u00e3o de alimentos do Brasil foi a\u00a0<strong>4\u00aa maior<\/strong>\u00a0entre os principais pa\u00edses latino-americanos em 2024.\u00a0O pa\u00eds s\u00f3 ficou atr\u00e1s da Argentina\u00a0(94,7%), da Venezuela (21,9%) \u20132 pa\u00edses que enfrentam graves problemas econ\u00f4micos\u2013 e da Bol\u00edvia (15,4%). O levantamento foi feito pela ag\u00eancia de classifica\u00e7\u00e3o de risco\u00a0Austin Rating.<\/p>\n<p>Os dados consideram os pa\u00edses mais populosos da regi\u00e3o.<\/p>\n<figure class=\"wp-block-image aligncenter size-large is-resized\"\/>\n<figure class=\"wp-block-image aligncenter size-large is-resized\"><\/figure>\n<p><strong><a rel=\"nofollow\" target=\"_blank\" href=\"https:\/\/www.poder360.com.br\/poder-governo\/inflacao-esta-razoavelmente-controlada-afirma-lula\/\">Source link<\/a><\/strong><\/p>\n<\/div>\n<p><br \/>\n<br \/><a href=\"https:\/\/tvfloridausa.com\/2025\/02\/20\/inflacao-esta-razoavelmente-controlada-afirma-lula-paulo-figueiredo\/\">Source link <\/a><\/p>","protected":false},"excerpt":{"rendered":"<p>A infla\u00e7\u00e3o de alimentos do Brasil foi a 4\u00aa maior entre os principais pa\u00edses latino-americanos em 2024 O presidente\u00a0Luiz In\u00e1cio Lula da Silva\u00a0(PT) disse nesta 5\u00aa feira (20.fev.2025) que a&hellip;<\/p>","protected":false},"author":1,"featured_media":104843,"comment_status":"closed","ping_status":"open","sticky":false,"template":"","format":"standard","meta":{"content-type":"","footnotes":""},"categories":[22],"tags":[],"class_list":["post-104842","post","type-post","status-publish","format-standard","has-post-thumbnail","hentry","category-tv-florida-usa"],"_links":{"self":[{"href":"https:\/\/tvbrazilusa.com\/pt\/wp-json\/wp\/v2\/posts\/104842","targetHints":{"allow":["GET"]}}],"collection":[{"href":"https:\/\/tvbrazilusa.com\/pt\/wp-json\/wp\/v2\/posts"}],"about":[{"href":"https:\/\/tvbrazilusa.com\/pt\/wp-json\/wp\/v2\/types\/post"}],"author":[{"embeddable":true,"href":"https:\/\/tvbrazilusa.com\/pt\/wp-json\/wp\/v2\/users\/1"}],"replies":[{"embeddable":true,"href":"https:\/\/tvbrazilusa.com\/pt\/wp-json\/wp\/v2\/comments?post=104842"}],"version-history":[{"count":1,"href":"https:\/\/tvbrazilusa.com\/pt\/wp-json\/wp\/v2\/posts\/104842\/revisions"}],"predecessor-version":[{"id":104844,"href":"https:\/\/tvbrazilusa.com\/pt\/wp-json\/wp\/v2\/posts\/104842\/revisions\/104844"}],"wp:featuredmedia":[{"embeddable":true,"href":"https:\/\/tvbrazilusa.com\/pt\/wp-json\/wp\/v2\/media\/104843"}],"wp:attachment":[{"href":"https:\/\/tvbrazilusa.com\/pt\/wp-json\/wp\/v2\/media?parent=104842"}],"wp:term":[{"taxonomy":"category","embeddable":true,"href":"https:\/\/tvbrazilusa.com\/pt\/wp-json\/wp\/v2\/categories?post=104842"},{"taxonomy":"post_tag","embeddable":true,"href":"https:\/\/tvbrazilusa.com\/pt\/wp-json\/wp\/v2\/tags?post=104842"}],"curies":[{"name":"wp","href":"https:\/\/api.w.org\/{rel}","templated":true}]}}