{"id":104850,"date":"2025-02-20T17:08:50","date_gmt":"2025-02-20T17:08:50","guid":{"rendered":"https:\/\/tvbrazilusa.com\/2025\/02\/20\/o-escritorio-do-inspetor-geral-de-connecticut-determina-a-equipe-de-detencao-de-hartford-que-nao-esta-culpada-por-morte-sob-custodia\/"},"modified":"2025-02-20T17:20:50","modified_gmt":"2025-02-20T17:20:50","slug":"o-escritorio-do-inspetor-geral-de-connecticut-determina-a-equipe-de-detencao-de-hartford-que-nao-esta-culpada-por-morte-sob-custodia","status":"publish","type":"post","link":"https:\/\/tvbrazilusa.com\/pt\/2025\/02\/20\/o-escritorio-do-inspetor-geral-de-connecticut-determina-a-equipe-de-detencao-de-hartford-que-nao-esta-culpada-por-morte-sob-custodia\/","title":{"rendered":"O Escrit\u00f3rio do Inspetor-Geral de Connecticut determina a equipe de deten\u00e7\u00e3o de Hartford que n\u00e3o est\u00e1 culpada por morte sob cust\u00f3dia"},"content":{"rendered":"<script async src=\"https:\/\/pagead2.googlesyndication.com\/pagead\/js\/adsbygoogle.js?client=ca-pub-8864793242727901\"\r\n     crossorigin=\"anonymous\"><\/script>\n<p>HARTFORD, Connecticut (WTNH)-O escrit\u00f3rio do Inspetor-Geral de Connecticut divulgou na quinta-feira um relat\u00f3rio que determina que a equipe de deten\u00e7\u00e3o n\u00e3o est\u00e1 em falta para a morte sob cust\u00f3dia de uma mulher de Hartford no ano passado. <\/p>\n<p>Linda Praylow, 49, foi encontrada sem resposta em uma cela no in\u00edcio de uma manh\u00e3 de domingo em abril de 2024. Ela foi declarada falecida em um hospital logo depois. <\/p>\n<div class=\"nlp-ignore-block article-content rich-text\">\n<aside class=\"promo-link\">\n\t<a href=\"https:\/\/www.wtnh.com\/news\/connecticut\/hartford\/woman-dies-while-in-hartford-polices-custody-investigation-underway\/?ipid=promo-link-block1\" class=\"promo-link__link\" target=\"\"_blank\"\"><\/p>\n<p>\t\tMulher morre enquanto sob cust\u00f3dia da pol\u00edcia de Hartford, investiga\u00e7\u00e3o em andamento\t<\/a><br \/>\n<\/aside>\n<\/div>\n<p>De acordo com o relat\u00f3rio do Inspetor Geral Robert Devlin, Jr., Praylow disse ao oficial de reservas na noite de sexta -feira anterior que ela usou fentanil. O relat\u00f3rio assume que, embora ela provavelmente consumisse mais fentanil enquanto estava sob cust\u00f3dia, ela estava sofrendo sintomas graves de abstin\u00eancia at\u00e9 domingo. <\/p>\n<p>Uma colega de cela disse \u00e0s autoridades que seu v\u00f4mito e diarr\u00e9ia, onde \u00e9 t\u00e3o ruim que ela teve que mover as c\u00e9lulas. A doen\u00e7a foi documentada pela equipe de deten\u00e7\u00e3o, mas Praylow teria dito que n\u00e3o queria ir a um hospital. <\/p>\n<p>No entanto, o relat\u00f3rio diz que ela deveria ter sido levada para o hospital no s\u00e1bado \u00e0 noite de qualquer maneira. Eles pelo menos deveriam ter sido mais atentos, afirma o relat\u00f3rio. <\/p>\n<p>&#8220;O companheiro de cela disse que os policiais estavam sendo muito negligentes. A pol\u00edcia provavelmente ficou frustrada com o PrayLow, mas n\u00e3o estou fazendo nenhuma descoberta sobre neglig\u00eancia, porque, mesmo que isso seja verdade, foi o uso de drogas e doen\u00e7as cardiovasculares subjacentes que causaram sua morte , &#8220;O inspetor -geral determinou em seu relat\u00f3rio. <\/p>\n<div class=\"nlp-ignore-block article-content rich-text\">\n<aside class=\"promo-link\">\n\t<a href=\"https:\/\/www.wtnh.com\/news\/connecticut\/new-britain-man-charged-with-murder-in-2021-somers-homicide-case\/?ipid=promo-link-block2\" class=\"promo-link__link\" target=\"\"_blank\"\"><\/p>\n<p>\t\tNew Britain Man Murster\t<\/a><br \/>\n<\/aside>\n<\/div>\n<p>No relat\u00f3rio, o inspetor-geral admite que a equipe de deten\u00e7\u00e3o deveria ter sido mais atenciosa e, no m\u00ednimo a cela dela. <\/p>\n<p>&#8220;A morte em cust\u00f3dia de Linda Praylow n\u00e3o foi o resultado do uso da for\u00e7a f\u00edsica por um oficial de paz nem o resultado de a\u00e7\u00e3o criminal&#8221;, conclui o relat\u00f3rio. <\/p>\n<p>O Escrit\u00f3rio do Inspetor -Geral n\u00e3o tomar\u00e1 nenhuma a\u00e7\u00e3o adicional neste caso. <\/p>\n<p><br \/>\n<br \/><a href=\"https:\/\/www.wtnh.com\/news\/connecticut\/hartford\/connecticut-office-of-inspector-general-determines-hartford-detention-staff-not-at-fault-for-in-custody-death\/\">Source link <\/a><\/p>","protected":false},"excerpt":{"rendered":"<p>HARTFORD, Connecticut (WTNH)-O escrit\u00f3rio do Inspetor-Geral de Connecticut divulgou na quinta-feira um relat\u00f3rio que determina que a equipe de deten\u00e7\u00e3o n\u00e3o est\u00e1 em falta para a morte sob cust\u00f3dia de&hellip;<\/p>","protected":false},"author":1,"featured_media":104851,"comment_status":"closed","ping_status":"open","sticky":false,"template":"","format":"standard","meta":{"content-type":"","footnotes":""},"categories":[1],"tags":[],"class_list":["post-104850","post","type-post","status-publish","format-standard","has-post-thumbnail","hentry","category-uncategorized"],"_links":{"self":[{"href":"https:\/\/tvbrazilusa.com\/pt\/wp-json\/wp\/v2\/posts\/104850","targetHints":{"allow":["GET"]}}],"collection":[{"href":"https:\/\/tvbrazilusa.com\/pt\/wp-json\/wp\/v2\/posts"}],"about":[{"href":"https:\/\/tvbrazilusa.com\/pt\/wp-json\/wp\/v2\/types\/post"}],"author":[{"embeddable":true,"href":"https:\/\/tvbrazilusa.com\/pt\/wp-json\/wp\/v2\/users\/1"}],"replies":[{"embeddable":true,"href":"https:\/\/tvbrazilusa.com\/pt\/wp-json\/wp\/v2\/comments?post=104850"}],"version-history":[{"count":1,"href":"https:\/\/tvbrazilusa.com\/pt\/wp-json\/wp\/v2\/posts\/104850\/revisions"}],"predecessor-version":[{"id":104852,"href":"https:\/\/tvbrazilusa.com\/pt\/wp-json\/wp\/v2\/posts\/104850\/revisions\/104852"}],"wp:featuredmedia":[{"embeddable":true,"href":"https:\/\/tvbrazilusa.com\/pt\/wp-json\/wp\/v2\/media\/104851"}],"wp:attachment":[{"href":"https:\/\/tvbrazilusa.com\/pt\/wp-json\/wp\/v2\/media?parent=104850"}],"wp:term":[{"taxonomy":"category","embeddable":true,"href":"https:\/\/tvbrazilusa.com\/pt\/wp-json\/wp\/v2\/categories?post=104850"},{"taxonomy":"post_tag","embeddable":true,"href":"https:\/\/tvbrazilusa.com\/pt\/wp-json\/wp\/v2\/tags?post=104850"}],"curies":[{"name":"wp","href":"https:\/\/api.w.org\/{rel}","templated":true}]}}