{"id":104883,"date":"2025-02-20T18:53:48","date_gmt":"2025-02-20T18:53:48","guid":{"rendered":"https:\/\/tvbrazilusa.com\/2025\/02\/20\/denuncia-contra-bolsonaro-gera-tumulto-entre-deputados\/"},"modified":"2025-02-20T18:53:49","modified_gmt":"2025-02-20T18:53:49","slug":"denuncia-contra-bolsonaro-gera-tumulto-entre-deputados","status":"publish","type":"post","link":"https:\/\/tvbrazilusa.com\/pt\/2025\/02\/20\/denuncia-contra-bolsonaro-gera-tumulto-entre-deputados\/","title":{"rendered":"Den\u00fancia contra Bolsonaro gera tumulto entre deputados"},"content":{"rendered":"<p> <script async src=\"https:\/\/pagead2.googlesyndication.com\/pagead\/js\/adsbygoogle.js?client=ca-pub-8864793242727901\"\r\n     crossorigin=\"anonymous\"><\/script><br \/>\n<\/p>\n<div id=\"taboola-read-more\" style=\"display:block; width:100%\">\n<p>A sess\u00e3o da C\u00e2mara dos Deputados foi suspensa nesta ter\u00e7a-feira (18), ap\u00f3s tumulto gerado por discursos sobre a den\u00fancia da Procuradoria-Geral da Rep\u00fablica (PGR) contra o ex-presidente Jair Bolsonaro (PL) e outras 33 pessoas. O clima esquentou no Plen\u00e1rio ap\u00f3s a fala do deputado Nikolas Ferreira (PL-MG), que ironizou as acusa\u00e7\u00f5es de tentativa de golpe de Estado.\n<\/p>\n<p>Durante seu discurso, Nikolas minimizou os fatos apontados pela PGR.<\/p>\n<p>\u2013 Tinha um cara vendendo algod\u00e3o-doce no meio do golpe. Uma terrorista usou batom e outro um estilingue. Prenderam at\u00e9 um morador de rua \u2013 disse o parlamentar, que tamb\u00e9m criticou o custo de vida no Brasil.\n<\/p>\n<p>\u2013 Golpe \u00e9 meu ovo que est\u00e1 caro como o caf\u00e9 e o azeite \u2013 concluiu.\n<\/p>\n<p>A fala gerou protestos imediatos de deputados de esquerda. O l\u00edder do PT, Lindbergh Farias (PT-RJ), tentou responder, mas foi interrompido diversas vezes por parlamentares da oposi\u00e7\u00e3o. A sess\u00e3o, presidida pela deputada Delegada Katarina (PSD-SE), foi suspensa ap\u00f3s parlamentares trocarem ofensas e palavras de ordem.\n<\/p>\n<p>Deputadas da base governista ainda pediram respeito \u00e0 Delegada Katarina, destacando que a sess\u00e3o era comandada por uma mulher. O presidente da C\u00e2mara, Hugo Motta, interveio em seguida e anunciou medidas para conter comportamentos inadequados no Plen\u00e1rio, como a proibi\u00e7\u00e3o de cartazes e acionamento do Conselho de \u00c9tica contra excessos.\n<\/p>\n<p>\u2013 Aqui n\u00e3o \u00e9 jardim da inf\u00e2ncia, nem lugar para espetaculariza\u00e7\u00e3o que denigre a imagem desta Casa. N\u00e3o aceitarei esse tipo de comportamento \u2013 afirmou Motta, que pediu respeito e responsabilidade aos parlamentares.<\/p>\n<p>Fonte: Pleno News              <\/p>\n<\/div>\n<p><br \/>\n<br \/><a href=\"https:\/\/diariodobrasilnoticias.com.br\/noticia\/denuncia-contra-bolsonaro-gera-tumulto-entre-deputados-67b7542f44a95\">Source link <\/a><\/p>","protected":false},"excerpt":{"rendered":"<p>A sess\u00e3o da C\u00e2mara dos Deputados foi suspensa nesta ter\u00e7a-feira (18), ap\u00f3s tumulto gerado por discursos sobre a den\u00fancia da Procuradoria-Geral da Rep\u00fablica (PGR) contra o ex-presidente Jair Bolsonaro (PL)&hellip;<\/p>","protected":false},"author":1,"featured_media":104884,"comment_status":"closed","ping_status":"open","sticky":false,"template":"","format":"standard","meta":{"content-type":"","footnotes":""},"categories":[16],"tags":[123,2448,5313,1267],"class_list":["post-104883","post","type-post","status-publish","format-standard","has-post-thumbnail","hentry","category-noticias","tag-brasil","tag-diario","tag-noticia","tag-noticias"],"_links":{"self":[{"href":"https:\/\/tvbrazilusa.com\/pt\/wp-json\/wp\/v2\/posts\/104883","targetHints":{"allow":["GET"]}}],"collection":[{"href":"https:\/\/tvbrazilusa.com\/pt\/wp-json\/wp\/v2\/posts"}],"about":[{"href":"https:\/\/tvbrazilusa.com\/pt\/wp-json\/wp\/v2\/types\/post"}],"author":[{"embeddable":true,"href":"https:\/\/tvbrazilusa.com\/pt\/wp-json\/wp\/v2\/users\/1"}],"replies":[{"embeddable":true,"href":"https:\/\/tvbrazilusa.com\/pt\/wp-json\/wp\/v2\/comments?post=104883"}],"version-history":[{"count":1,"href":"https:\/\/tvbrazilusa.com\/pt\/wp-json\/wp\/v2\/posts\/104883\/revisions"}],"predecessor-version":[{"id":104885,"href":"https:\/\/tvbrazilusa.com\/pt\/wp-json\/wp\/v2\/posts\/104883\/revisions\/104885"}],"wp:featuredmedia":[{"embeddable":true,"href":"https:\/\/tvbrazilusa.com\/pt\/wp-json\/wp\/v2\/media\/104884"}],"wp:attachment":[{"href":"https:\/\/tvbrazilusa.com\/pt\/wp-json\/wp\/v2\/media?parent=104883"}],"wp:term":[{"taxonomy":"category","embeddable":true,"href":"https:\/\/tvbrazilusa.com\/pt\/wp-json\/wp\/v2\/categories?post=104883"},{"taxonomy":"post_tag","embeddable":true,"href":"https:\/\/tvbrazilusa.com\/pt\/wp-json\/wp\/v2\/tags?post=104883"}],"curies":[{"name":"wp","href":"https:\/\/api.w.org\/{rel}","templated":true}]}}