{"id":104886,"date":"2025-02-20T18:56:04","date_gmt":"2025-02-20T18:56:04","guid":{"rendered":"https:\/\/tvbrazilusa.com\/2025\/02\/20\/fui-demitido-tive-horas-cortadas-porque-sou-um-homem-diz-o-bibliotecario-de-nj-em-acao-judicial\/"},"modified":"2025-02-20T19:05:07","modified_gmt":"2025-02-20T19:05:07","slug":"fui-demitido-tive-horas-cortadas-porque-sou-um-homem-diz-o-bibliotecario-de-nj-em-acao-judicial","status":"publish","type":"post","link":"https:\/\/tvbrazilusa.com\/pt\/2025\/02\/20\/fui-demitido-tive-horas-cortadas-porque-sou-um-homem-diz-o-bibliotecario-de-nj-em-acao-judicial\/","title":{"rendered":"Fui demitido, tive horas cortadas porque sou um homem, diz o bibliotec\u00e1rio de NJ em a\u00e7\u00e3o judicial"},"content":{"rendered":"<script async src=\"https:\/\/pagead2.googlesyndication.com\/pagead\/js\/adsbygoogle.js?client=ca-pub-8864793242727901\"\r\n     crossorigin=\"anonymous\"><\/script>\n<div>\n<p class=\"article__paragraph article__paragraph--left\" id=\"PCEXSU2O6FGRDFHYW72JLYUGCE\">Um bibliotec\u00e1rio de longa data da Fair Lawn entrou com uma a\u00e7\u00e3o reivindicando discrimina\u00e7\u00e3o de g\u00eanero depois que ele foi disciplinado, demitido e depois teve suas horas cortadas depois que ele venceu a reintegra\u00e7\u00e3o.<\/p>\n<p class=\"article__paragraph article__paragraph--left\" id=\"N75ZLCBVEVCZPGQ2YSFIBTIARE\">Alexander Cardillo, que trabalha na Biblioteca Maurice M. Pine desde 2004, afirma no processo de que a diretora da biblioteca Adele Puccio favoreceu sistematicamente funcion\u00e1rios do sexo masculino e cortou injustamente suas horas antes de finalmente demiti -lo. <\/p>\n<p class=\"article__paragraph article__paragraph--left\" id=\"64Q7NYORGJF3TP7U6C7HL4R34A\">Cardillo, 36, tamb\u00e9m alega que Puccio retaliou contra ele depois que discutiu as preocupa\u00e7\u00f5es com sal\u00e1rios com colegas e mais tarde violou um acordo que restabeleceu seu emprego. <\/p>\n<p class=\"article__paragraph article__paragraph--left\" id=\"3VJ3UKEG3NAKHLD2677TZ7ER6Q\">O processo entrou em 13 de fevereiro no Tribunal Superior do Condado de Bergen nomeia o bairro de Fair Lawn, a Biblioteca e Puccio como r\u00e9us. <\/p>\n<p class=\"article__paragraph article__paragraph--left\" id=\"WOVJMOYP75C6VER7IOKKLXSOHA\">Os funcion\u00e1rios de Puccio e Borough n\u00e3o responderam imediatamente na quinta -feira a mensagens que pediam coment\u00e1rios sobre o processo.<\/p>\n<p class=\"article__paragraph article__paragraph--left\" id=\"HB4O76HCWZEMPOCO5WRRG7ZIG4\">Cardillo trabalhou principalmente no balc\u00e3o de refer\u00eancia da biblioteca e possui mestrado em ci\u00eancia da biblioteca e uma certifica\u00e7\u00e3o bibliotec\u00e1ria de Nova Jersey, de acordo com o processo.<\/p>\n<p class=\"article__paragraph article__paragraph--left\" id=\"4ZCZZG5QDRHJZP57OBTP5UQGV4\">Cardillo afirma no processo que Puccio, que se tornou diretor em 2016, contratou apenas um funcion\u00e1rio do sexo masculino durante seu mandato e que o pessoal do sexo masculino representa uma pequena fra\u00e7\u00e3o da for\u00e7a de trabalho da biblioteca.<\/p>\n<p class=\"article__paragraph article__paragraph--left\" id=\"POAATHN7DRC63L6SMWM4A7ATMA\">Cardillo alega que Puccio tentou cortar suas horas em dezembro de 2022, depois de contratar uma nova funcion\u00e1ria. Ele diz que recorreu com sucesso da decis\u00e3o ao conselho da biblioteca, que restaurou sua programa\u00e7\u00e3o. <\/p>\n<p class=\"article__paragraph article__paragraph--left\" id=\"JDU5NBMVL5G45PH27725VIIF34\">Quando a biblioteca fechou temporariamente em fevereiro de 2023 para reparos de elevadores, Cardillo e outros funcion\u00e1rios discutiram se seriam pagos durante o desligamento em uma reuni\u00e3o informal, de acordo com o processo. <\/p>\n<p class=\"article__paragraph article__paragraph--left\" id=\"SLKJAIUAZFDSNBWM2WMJLUP3P4\">Logo depois, Puccio repreendeu apenas Cardillo, afirma o processo. <\/p>\n<p class=\"article__paragraph article__paragraph--left\" id=\"5L7BYSLMSRAEVFYLO3FRGDOSZ4\">Dias depois, Cardillo foi removido do cronograma de trabalho e depois acusado de violar as pol\u00edticas de confidencialidade da biblioteca. <\/p>\n<p class=\"article__paragraph article__paragraph--left\" id=\"ATAPX3Y3FRB3RJ3F2DR7TH27OI\">Em uma audi\u00eancia disciplinar em abril de 2023, Puccio o acusou de ass\u00e9dio sem fornecer evid\u00eancias, de acordo com o processo. <\/p>\n<p class=\"article__paragraph article__paragraph--left\" id=\"RQ3SZ6IUSRFKXGAWP3PSB3IG7Q\">Em setembro, a biblioteca emitiu um aviso final que terminou seu emprego retroativamente, de acordo com o processo.<\/p>\n<p class=\"article__paragraph article__paragraph--left\" id=\"23QUTIOD3FC23FWR777RCYO5QI\">Depois de mais de um ano de batalhas legais, Cardillo e o Conselho da Biblioteca chegaram a um acordo em fevereiro de 2024, que lhe permitiu voltar ao trabalho em mar\u00e7o, de acordo com o processo. <\/p>\n<p class=\"article__paragraph article__paragraph--left\" id=\"ODKO7KEQOBFNHHBVNSBT73RFRE\">No entanto, Puccio cortou imediatamente suas horas para seis por semana, negou turnos adicionais que foram entregues \u00e0s funcion\u00e1rios e o exclu\u00edram das comunica\u00e7\u00f5es no local de trabalho, de acordo com o processo. <\/p>\n<p class=\"article__paragraph article__paragraph--left\" id=\"RE6KSYUZWBHGPHFCXEBBNHTA3I\">A Puccio tamb\u00e9m violou o acordo, divulgando seus termos a partes externas e continuou a promover as funcion\u00e1rias sobre Cardillo sem postar vagas conforme necess\u00e1rio, de acordo com o processo.<\/p>\n<p class=\"article__paragraph article__paragraph--left\" id=\"ETEILX6Z6JDULCAXQ2EGSTU6MU\">Depois que uma funcion\u00e1ria renunciou em dezembro, Puccio contratou novamente uma substitui\u00e7\u00e3o feminina, em vez de restaurar suas horas anteriores, de acordo com o processo. <\/p>\n<p class=\"article__paragraph article__paragraph--left\" id=\"45WMFTIBYBBAFI537DQ5USTMII\">O processo acusa o bairro, a biblioteca e a Puccio de violar a lei de Nova Jersey contra a discrimina\u00e7\u00e3o, retaliando contra Cardillo por discutir sal\u00e1rios e discriminar contra ele com base no g\u00eanero. <\/p>\n<section class=\"Stories-By-Author-module_wrapper__ezbcK Stories-By-Author-module_nj__Ap1-Y\"\/>\n<p class=\"article__paragraph article__paragraph--left\" id=\"QSBC7QJ2X5CLFDU47ZHJY2F5Y4\"><i>Obrigado por confiar em n\u00f3s para fornecer o jornalismo em que voc\u00ea pode confiar. Por favor, considere apoiar <\/i><a href=\"http:\/\/nj.com\/\" target=\"_blank\" rel=\"\"><i>Nj.com<\/i><\/a><i>  com uma assinatura.<\/i><\/p>\n<p class=\"article__paragraph article__paragraph--left\" id=\"2BKJ6TZKIBANNJMC2PACUXSPE4\"><a href=\"https:\/\/connect.nj.com\/user\/AAttrino\/posts.html\" target=\"_blank\" rel=\"\"><i>Anthony G. Attrino<\/i><\/a><i>  pode ser alcan\u00e7ado em <\/i><a href=\"https:\/\/www.nj.com\/bergen\/2025\/02\/mailto:tattrino@njadvancemedia.com\" target=\"_blank\" rel=\"\"><i>tattrino@njadvancemedia.com<\/i><\/a><i>. Siga -o no Twitter <\/i><a href=\"https:\/\/twitter.com\/TonyAttrino\" target=\"_blank\" rel=\"\"><i>@Tonyattrino<\/i><\/a><i>. Encontrar <\/i><a href=\"https:\/\/https\/\/www.facebook.com\/BergenCountyNJ\/\" target=\"_blank\" rel=\"\"><i>NJ.com no Facebook<\/i><\/a><i>.<\/i><\/p>\n<\/div>\n<p><script async src=\"\/\/platform.twitter.com\/widgets.js\" charset=\"utf-8\"><\/script><br \/>\n<br \/><br \/>\n<br \/><a href=\"https:\/\/www.nj.com\/bergen\/2025\/02\/i-was-fired-had-hours-cut-because-im-a-man-nj-librarian-says-in-lawsuit.html\">Source link <\/a><\/p>","protected":false},"excerpt":{"rendered":"<p>Um bibliotec\u00e1rio de longa data da Fair Lawn entrou com uma a\u00e7\u00e3o reivindicando discrimina\u00e7\u00e3o de g\u00eanero depois que ele foi disciplinado, demitido e depois teve suas horas cortadas depois que&hellip;<\/p>","protected":false},"author":1,"featured_media":104887,"comment_status":"closed","ping_status":"open","sticky":false,"template":"","format":"standard","meta":{"content-type":"","footnotes":""},"categories":[1],"tags":[],"class_list":["post-104886","post","type-post","status-publish","format-standard","has-post-thumbnail","hentry","category-uncategorized"],"_links":{"self":[{"href":"https:\/\/tvbrazilusa.com\/pt\/wp-json\/wp\/v2\/posts\/104886","targetHints":{"allow":["GET"]}}],"collection":[{"href":"https:\/\/tvbrazilusa.com\/pt\/wp-json\/wp\/v2\/posts"}],"about":[{"href":"https:\/\/tvbrazilusa.com\/pt\/wp-json\/wp\/v2\/types\/post"}],"author":[{"embeddable":true,"href":"https:\/\/tvbrazilusa.com\/pt\/wp-json\/wp\/v2\/users\/1"}],"replies":[{"embeddable":true,"href":"https:\/\/tvbrazilusa.com\/pt\/wp-json\/wp\/v2\/comments?post=104886"}],"version-history":[{"count":1,"href":"https:\/\/tvbrazilusa.com\/pt\/wp-json\/wp\/v2\/posts\/104886\/revisions"}],"predecessor-version":[{"id":104888,"href":"https:\/\/tvbrazilusa.com\/pt\/wp-json\/wp\/v2\/posts\/104886\/revisions\/104888"}],"wp:featuredmedia":[{"embeddable":true,"href":"https:\/\/tvbrazilusa.com\/pt\/wp-json\/wp\/v2\/media\/104887"}],"wp:attachment":[{"href":"https:\/\/tvbrazilusa.com\/pt\/wp-json\/wp\/v2\/media?parent=104886"}],"wp:term":[{"taxonomy":"category","embeddable":true,"href":"https:\/\/tvbrazilusa.com\/pt\/wp-json\/wp\/v2\/categories?post=104886"},{"taxonomy":"post_tag","embeddable":true,"href":"https:\/\/tvbrazilusa.com\/pt\/wp-json\/wp\/v2\/tags?post=104886"}],"curies":[{"name":"wp","href":"https:\/\/api.w.org\/{rel}","templated":true}]}}