{"id":104898,"date":"2025-02-20T21:10:49","date_gmt":"2025-02-20T21:10:49","guid":{"rendered":"https:\/\/tvbrazilusa.com\/2025\/02\/20\/meninos-trilha-indoor-non-public-a-preview-championship-2024-25\/"},"modified":"2025-02-20T21:20:03","modified_gmt":"2025-02-20T21:20:03","slug":"meninos-trilha-indoor-non-public-a-preview-championship-2024-25","status":"publish","type":"post","link":"https:\/\/tvbrazilusa.com\/pt\/2025\/02\/20\/meninos-trilha-indoor-non-public-a-preview-championship-2024-25\/","title":{"rendered":"Meninos Trilha Indoor Non-Public A Preview Championship, 2024-25"},"content":{"rendered":"<p> <script async src=\"https:\/\/pagead2.googlesyndication.com\/pagead\/js\/adsbygoogle.js?client=ca-pub-8864793242727901\"\r\n     crossorigin=\"anonymous\"><\/script><br \/>\n<\/p>\n<p>O Campeonato do Grupo come\u00e7ar\u00e1 na sexta -feira e passar\u00e1 pelo fim de semana com as principais equipes e atletas agora competindo por t\u00edtulos estaduais.<\/p>\n<p><br \/>\n<br \/><a href=\"https:\/\/www.nj.com\/highschoolsports\/2025\/02\/boys-indoor-track-non-public-a-championship-preview-2024-25.html\">Source link <\/a><\/p>","protected":false},"excerpt":{"rendered":"<p>O Campeonato do Grupo come\u00e7ar\u00e1 na sexta -feira e passar\u00e1 pelo fim de semana com as principais equipes e atletas agora competindo por t\u00edtulos estaduais. Source link<\/p>","protected":false},"author":1,"featured_media":104899,"comment_status":"closed","ping_status":"open","sticky":false,"template":"","format":"standard","meta":{"content-type":"","footnotes":""},"categories":[1],"tags":[],"class_list":["post-104898","post","type-post","status-publish","format-standard","has-post-thumbnail","hentry","category-uncategorized"],"_links":{"self":[{"href":"https:\/\/tvbrazilusa.com\/pt\/wp-json\/wp\/v2\/posts\/104898","targetHints":{"allow":["GET"]}}],"collection":[{"href":"https:\/\/tvbrazilusa.com\/pt\/wp-json\/wp\/v2\/posts"}],"about":[{"href":"https:\/\/tvbrazilusa.com\/pt\/wp-json\/wp\/v2\/types\/post"}],"author":[{"embeddable":true,"href":"https:\/\/tvbrazilusa.com\/pt\/wp-json\/wp\/v2\/users\/1"}],"replies":[{"embeddable":true,"href":"https:\/\/tvbrazilusa.com\/pt\/wp-json\/wp\/v2\/comments?post=104898"}],"version-history":[{"count":1,"href":"https:\/\/tvbrazilusa.com\/pt\/wp-json\/wp\/v2\/posts\/104898\/revisions"}],"predecessor-version":[{"id":104900,"href":"https:\/\/tvbrazilusa.com\/pt\/wp-json\/wp\/v2\/posts\/104898\/revisions\/104900"}],"wp:featuredmedia":[{"embeddable":true,"href":"https:\/\/tvbrazilusa.com\/pt\/wp-json\/wp\/v2\/media\/104899"}],"wp:attachment":[{"href":"https:\/\/tvbrazilusa.com\/pt\/wp-json\/wp\/v2\/media?parent=104898"}],"wp:term":[{"taxonomy":"category","embeddable":true,"href":"https:\/\/tvbrazilusa.com\/pt\/wp-json\/wp\/v2\/categories?post=104898"},{"taxonomy":"post_tag","embeddable":true,"href":"https:\/\/tvbrazilusa.com\/pt\/wp-json\/wp\/v2\/tags?post=104898"}],"curies":[{"name":"wp","href":"https:\/\/api.w.org\/{rel}","templated":true}]}}