{"id":104907,"date":"2025-02-20T21:46:16","date_gmt":"2025-02-20T21:46:16","guid":{"rendered":"https:\/\/tvbrazilusa.com\/2025\/02\/20\/os-legisladores-os-advogados-lancam-o-lancamento-do-primeiro-caucus-final-dos-sem-teto\/"},"modified":"2025-02-20T22:06:54","modified_gmt":"2025-02-20T22:06:54","slug":"os-legisladores-os-advogados-lancam-o-lancamento-do-primeiro-caucus-final-dos-sem-teto","status":"publish","type":"post","link":"https:\/\/tvbrazilusa.com\/pt\/2025\/02\/20\/os-legisladores-os-advogados-lancam-o-lancamento-do-primeiro-caucus-final-dos-sem-teto\/","title":{"rendered":"Os legisladores, os advogados lan\u00e7am o lan\u00e7amento do primeiro &#8216;caucus final dos sem -teto&#8217;"},"content":{"rendered":"<script async src=\"https:\/\/pagead2.googlesyndication.com\/pagead\/js\/adsbygoogle.js?client=ca-pub-8864793242727901\"\r\n     crossorigin=\"anonymous\"><\/script>\n<p>CONNECTICUT (WTNH) &#8211; Um grupo de legisladores e advogados lan\u00e7ou o &#8220;End Homelessness Caucus&#8221; na quinta -feira no Capit\u00f3lio.<\/p>\n<p>O Caucus \u00e9 o primeiro do g\u00eanero em Connecticut. O grupo bipartid\u00e1rio diz que o estado precisa fazer mais para ajudar aqueles que lidam com a falta de moradia. Segundo eles, no ano passado, mais de 8.000 pessoas em Connecticut usaram abrigos de emerg\u00eancia, e muitos foram recusados \u200b\u200bporque n\u00e3o havia espa\u00e7o suficiente.<\/p>\n<div class=\"nlp-ignore-block article-content rich-text\">\n<aside class=\"promo-link\">\n\t<a href=\"https:\/\/www.wtnh.com\/news\/connecticut\/new-haven\/never-seen-anything-like-this-connecticut-homeless-shelters-face-pressure-due-to-high-demand\/?ipid=promo-link-block1\" class=\"promo-link__link\" target=\"\"_blank\"\"><\/p>\n<p>\t\t&#8216;Nunca vi nada assim&#8217;: os abrigos para sem -teto de Connecticut enfrentam press\u00e3o devido \u00e0 alta demanda\t<\/a><br \/>\n<\/aside>\n<\/div>\n<p>&#8220;Sempre me pergunto a pergunta por que estou aqui. E uma das raz\u00f5es pelas quais estou aqui \u00e9 ajudar aqueles que mais precisam. disse. &#8220;Se voc\u00ea n\u00e3o est\u00e1 aqui para ajudar essas pessoas, o que estamos fazendo aqui? O que s\u00e3o os representantes do estado e os senadores, o que estamos fazendo aqui? Isso \u00e9 quem estamos aqui para ajudar&#8221;.<\/p>\n<p>O deputado estadual Jason Rojas, l\u00edder da maioria da C\u00e2mara, ecoou coment\u00e1rios semelhantes a Scott.<\/p>\n<p>&#8220;Olhei para o meu carro e olhou para a temperatura e ele disse 11 graus. E imediatamente pisei para centenas, milhares de indiv\u00edduos que est\u00e3o l\u00e1 fora agora, expostos a temperaturas de 11 graus&#8221;, disse Rojas. &#8220;Isso \u00e9 desumano. Simplesmente n\u00e3o est\u00e1 certo. \u00c9 a falha moral de todos n\u00f3s e do estado de Connecticut&#8221;.<\/p>\n<p>O grupo est\u00e1 pressionando para que uma s\u00e9rie de projetos de lei seja aprovada, incluindo o aumento dos gastos com servi\u00e7os de falta de moradia e impedindo cidades e vilas de penalizar os sem -teto de &#8220;realizar atividades de sustenta\u00e7\u00e3o da vida em terras p\u00fablicas&#8221;.<\/p>\n<p><br \/>\n<br \/><a href=\"https:\/\/www.wtnh.com\/news\/politics\/lawmakers-advocates-launch-states-first-end-homelessness-caucus\/\">Source link <\/a><\/p>","protected":false},"excerpt":{"rendered":"<p>CONNECTICUT (WTNH) &#8211; Um grupo de legisladores e advogados lan\u00e7ou o &#8220;End Homelessness Caucus&#8221; na quinta -feira no Capit\u00f3lio. O Caucus \u00e9 o primeiro do g\u00eanero em Connecticut. O grupo&hellip;<\/p>","protected":false},"author":1,"featured_media":104908,"comment_status":"closed","ping_status":"open","sticky":false,"template":"","format":"standard","meta":{"content-type":"","footnotes":""},"categories":[1],"tags":[],"class_list":["post-104907","post","type-post","status-publish","format-standard","has-post-thumbnail","hentry","category-uncategorized"],"_links":{"self":[{"href":"https:\/\/tvbrazilusa.com\/pt\/wp-json\/wp\/v2\/posts\/104907","targetHints":{"allow":["GET"]}}],"collection":[{"href":"https:\/\/tvbrazilusa.com\/pt\/wp-json\/wp\/v2\/posts"}],"about":[{"href":"https:\/\/tvbrazilusa.com\/pt\/wp-json\/wp\/v2\/types\/post"}],"author":[{"embeddable":true,"href":"https:\/\/tvbrazilusa.com\/pt\/wp-json\/wp\/v2\/users\/1"}],"replies":[{"embeddable":true,"href":"https:\/\/tvbrazilusa.com\/pt\/wp-json\/wp\/v2\/comments?post=104907"}],"version-history":[{"count":1,"href":"https:\/\/tvbrazilusa.com\/pt\/wp-json\/wp\/v2\/posts\/104907\/revisions"}],"predecessor-version":[{"id":104909,"href":"https:\/\/tvbrazilusa.com\/pt\/wp-json\/wp\/v2\/posts\/104907\/revisions\/104909"}],"wp:featuredmedia":[{"embeddable":true,"href":"https:\/\/tvbrazilusa.com\/pt\/wp-json\/wp\/v2\/media\/104908"}],"wp:attachment":[{"href":"https:\/\/tvbrazilusa.com\/pt\/wp-json\/wp\/v2\/media?parent=104907"}],"wp:term":[{"taxonomy":"category","embeddable":true,"href":"https:\/\/tvbrazilusa.com\/pt\/wp-json\/wp\/v2\/categories?post=104907"},{"taxonomy":"post_tag","embeddable":true,"href":"https:\/\/tvbrazilusa.com\/pt\/wp-json\/wp\/v2\/tags?post=104907"}],"curies":[{"name":"wp","href":"https:\/\/api.w.org\/{rel}","templated":true}]}}