{"id":104939,"date":"2025-02-20T21:38:00","date_gmt":"2025-02-20T21:38:00","guid":{"rendered":"https:\/\/tvbrazilusa.com\/2025\/02\/20\/show-da-manha-advogado-quer-anular-delacao-contra-bolsonaro-21-02-2025\/"},"modified":"2025-02-20T23:27:38","modified_gmt":"2025-02-20T23:27:38","slug":"show-da-manha-advogado-quer-anular-delacao-contra-bolsonaro-21-02-2025","status":"publish","type":"post","link":"https:\/\/tvbrazilusa.com\/pt\/2025\/02\/20\/show-da-manha-advogado-quer-anular-delacao-contra-bolsonaro-21-02-2025\/","title":{"rendered":"SHOW DA MANH\u00c3 \u2013 ADVOGADO QUER ANULAR DELA\u00c7\u00c3O CONTRA BOLSONARO\u00a0\u2013\u00a021\/02\/2025"},"content":{"rendered":"<p> <script async src=\"https:\/\/pagead2.googlesyndication.com\/pagead\/js\/adsbygoogle.js?client=ca-pub-8864793242727901\"\r\n     crossorigin=\"anonymous\"><\/script><br \/>\n<\/p>\n<p>Apresentado por Paula Marisa. Convidados: Ver. Adrilles Jorge e Ver. Lucas Pavanato. Participa\u00e7\u00e3o especial: Juliana\u00a0Moreira\u00a0Leite. O Show da Manh\u00e3 vai ao ar de segunda a sexta, das 10h \u00e0s 12h.<\/p>\n<p>NOVIDADES NO FIO DI\u00c1RIO! ASSINE COM 33% OFF NO PLANO ANUAL OU 66% OFF NO DEZ A FIO! <img decoding=\"async\" src=\"https:\/\/s.w.org\/images\/core\/emoji\/15.0.3\/72x72\/1f449.png\" alt=\"\ud83d\udc49\" class=\"wp-smiley\" style=\"height: 1em;max-height: 1em\" \/> https:\/\/fiodiario.com<\/p>\n<p><img decoding=\"async\" src=\"https:\/\/s.w.org\/images\/core\/emoji\/15.0.3\/72x72\/1f525.png\" alt=\"\ud83d\udd25\" class=\"wp-smiley\" style=\"height: 1em;max-height: 1em\" \/>APROVEITE AS PROMO\u00c7\u00d5ES DA LIVRARIA FIO DI\u00c1RIO E N\u00c3O CAIA EM NARRATIVAS! <img decoding=\"async\" src=\"https:\/\/s.w.org\/images\/core\/emoji\/15.0.3\/72x72\/1f449.png\" alt=\"\ud83d\udc49\" class=\"wp-smiley\" style=\"height: 1em;max-height: 1em\" \/> https:\/\/livraria.fiodiario.com<\/p>\n<p>Inscreva-se no nosso Canal!<\/p>\n<p>Ou\u00e7a no Spotify: https:\/\/open.spotify.com\/show\/4apGkQd\u2026<\/p>\n<p>Siga no Instagram:<\/p>\n<p>Fio Di\u00e1rio:<br \/>\nhttps:\/\/www.instagram.com\/fio_diario\/<\/p>\n<p>Marco Ant\u00f4nio Costa:<br \/>\nhttps:\/\/www.instagram.com\/marco.antonio.costa\/<\/p>\n<p><a href=\"https:\/\/www.youtube.com\/watch?v=tcQDikC-Y64\">source<\/a><\/p>\n<p><script async src=\"\/\/www.instagram.com\/embed.js\"><\/script><br \/>\n<br \/><br \/>\n<br \/><a href=\"https:\/\/tvfloridausa.com\/2025\/02\/20\/show-da-manha-advogado-quer-anular-delacao-contra-bolsonaro-21-02-2025\/\">Source link <\/a><\/p>","protected":false},"excerpt":{"rendered":"<p>Apresentado por Paula Marisa. Convidados: Ver. Adrilles Jorge e Ver. Lucas Pavanato. Participa\u00e7\u00e3o especial: Juliana\u00a0Moreira\u00a0Leite. O Show da Manh\u00e3 vai ao ar de segunda a sexta, das 10h \u00e0s 12h.&hellip;<\/p>","protected":false},"author":1,"featured_media":55007,"comment_status":"closed","ping_status":"open","sticky":false,"template":"","format":"standard","meta":{"content-type":"","footnotes":""},"categories":[22],"tags":[],"class_list":["post-104939","post","type-post","status-publish","format-standard","has-post-thumbnail","hentry","category-tv-florida-usa"],"_links":{"self":[{"href":"https:\/\/tvbrazilusa.com\/pt\/wp-json\/wp\/v2\/posts\/104939","targetHints":{"allow":["GET"]}}],"collection":[{"href":"https:\/\/tvbrazilusa.com\/pt\/wp-json\/wp\/v2\/posts"}],"about":[{"href":"https:\/\/tvbrazilusa.com\/pt\/wp-json\/wp\/v2\/types\/post"}],"author":[{"embeddable":true,"href":"https:\/\/tvbrazilusa.com\/pt\/wp-json\/wp\/v2\/users\/1"}],"replies":[{"embeddable":true,"href":"https:\/\/tvbrazilusa.com\/pt\/wp-json\/wp\/v2\/comments?post=104939"}],"version-history":[{"count":1,"href":"https:\/\/tvbrazilusa.com\/pt\/wp-json\/wp\/v2\/posts\/104939\/revisions"}],"predecessor-version":[{"id":104940,"href":"https:\/\/tvbrazilusa.com\/pt\/wp-json\/wp\/v2\/posts\/104939\/revisions\/104940"}],"wp:featuredmedia":[{"embeddable":true,"href":"https:\/\/tvbrazilusa.com\/pt\/wp-json\/wp\/v2\/media\/55007"}],"wp:attachment":[{"href":"https:\/\/tvbrazilusa.com\/pt\/wp-json\/wp\/v2\/media?parent=104939"}],"wp:term":[{"taxonomy":"category","embeddable":true,"href":"https:\/\/tvbrazilusa.com\/pt\/wp-json\/wp\/v2\/categories?post=104939"},{"taxonomy":"post_tag","embeddable":true,"href":"https:\/\/tvbrazilusa.com\/pt\/wp-json\/wp\/v2\/tags?post=104939"}],"curies":[{"name":"wp","href":"https:\/\/api.w.org\/{rel}","templated":true}]}}