{"id":104947,"date":"2025-02-20T23:45:31","date_gmt":"2025-02-20T23:45:31","guid":{"rendered":"https:\/\/tvbrazilusa.com\/2025\/02\/20\/lula-quer-forjar-culpados-por-alta-dos-combustiveis-diz-estadao\/"},"modified":"2025-02-20T23:45:32","modified_gmt":"2025-02-20T23:45:32","slug":"lula-quer-forjar-culpados-por-alta-dos-combustiveis-diz-estadao","status":"publish","type":"post","link":"https:\/\/tvbrazilusa.com\/pt\/2025\/02\/20\/lula-quer-forjar-culpados-por-alta-dos-combustiveis-diz-estadao\/","title":{"rendered":"Lula quer forjar culpados por alta dos combust\u00edveis, diz Estad\u00e3o"},"content":{"rendered":"<p> <script async src=\"https:\/\/pagead2.googlesyndication.com\/pagead\/js\/adsbygoogle.js?client=ca-pub-8864793242727901\"\r\n     crossorigin=\"anonymous\"><\/script><br \/>\n<\/p>\n<div id=\"taboola-read-more\" style=\"display:block; width:100%\">\n<p>O Estad\u00e3o chamou Lula (PT) de \u201cfrentista\u201d. O coment\u00e1rio consta no artigo de opini\u00e3o publicado nesta quinta-feira (20).\n<\/p>\n<p>No texto, o jornal reage ao que o petista falou no lan\u00e7amento de licita\u00e7\u00e3o para a compra de novos navios para a Transpetro, uma subsidi\u00e1ria da Petrobras, na \u00faltima segunda-feira (17), em Angra dos Reis (RJ). Na ocasi\u00e3o, Lula culpou intermedi\u00e1rios pelo pre\u00e7o dos combust\u00edveis no pa\u00eds.<\/p>\n<p>Para o Estad\u00e3o, o coment\u00e1rio, trata de um \u201cdiversionismo mequetrefe, com o objetivo de forjar culpados para uma escalada de pre\u00e7os da qual seu governo \u00e9 o principal agente\u201d.\n<\/p>\n<p>\u2013 O presidente Lula da Silva defendeu que a Petrobras venda combust\u00edvel diretamente aos consumidores, sem a intermedia\u00e7\u00e3o de distribuidoras e redes de postos. Trata-se de um diversionismo mequetrefe, com o objetivo de forjar culpados para uma escalada de pre\u00e7os da qual seu governo \u00e9 o principal agente. Beira a leviandade dizer que \u201co povo, no fundo, \u00e9 assaltado pelo intermedi\u00e1rio\u201d e precisa \u201csaber quem xingar\u201d quando o pre\u00e7o sobe, j\u00e1 que o governo, segundo o petista, \u00e9 quem leva a fama \u2013 escreveu.\n<\/p>\n<p>O discurso tamb\u00e9m foi classificado como \u201cconstrangedor\u201d. O jornal aponta ainda que \u00e9 \u201ca estatolatria perdul\u00e1ria do lulopetismo que cria o ambiente ideal para a carestia\u201d.\n<\/p>\n<p>\u2013 O constrangedor discurso de Lula foi feito no terminal da Transpetro, em Angra dos Reis (RJ), numa cerim\u00f4nia especialmente cara ao presidente: o an\u00fancio de licita\u00e7\u00e3o para contratar a constru\u00e7\u00e3o de oito navios para a frota da Petrobras. O evento recendia a nostalgia de um tempo em que Lula e o PT reinavam absolutos em mandatos presidenciais sucessivos prometendo fazer o Brasil grande de novo, tendo o Estado como o formid\u00e1vel motor do desenvolvimento. N\u00e3o por acaso, \u00e9 exatamente a estatolatria perdul\u00e1ria do lulopetismo que cria o ambiente ideal para a carestia.\n<\/p>\n<p>Ainda na cr\u00edtica, o Estad\u00e3o cita a \u201cera trevosa\u201d da ex-presidente Dilma Rousseff (PT).\n<\/p>\n<p>\u2013 O presidente prop\u00f5e que a Petrobras abaste\u00e7a diretamente grandes consumidores, sem intermedi\u00e1rios. Para prestar esse servi\u00e7o, a empresa precisa de autoriza\u00e7\u00e3o da Ag\u00eancia Nacional do Petr\u00f3leo, G\u00e1s Natural e Biocombust\u00edveis, o que inclusive \u00e9 feito para produtos em desenvolvimento, mas n\u00e3o ser\u00e1 isso que ir\u00e1 baratear o pre\u00e7o dos combust\u00edveis. A Petrobras j\u00e1 teve sua pr\u00f3pria distribuidora, a BR, atual Vibra, e nem por isso regulava os pre\u00e7os na revenda. Houve \u00e9poca em que o governo interferiu diretamente no mercado, segurando pre\u00e7os de gasolina e diesel, mas isso se deu nas pr\u00f3prias refinarias, como o congelamento irregular realizado na gest\u00e3o de Dilma Rousseff, que resultou num desastre financeiro para a Petrobras. Depois da devasta\u00e7\u00e3o nas contas da Petrobras durante a trevosa era Dilma, a atual gest\u00e3o petista na empresa n\u00e3o consegue manter os pre\u00e7os nas refinarias inalterados por muito tempo.\n<\/p>\n<p>O texto termina defendendo que \u201csempre que um presidente reclama do pre\u00e7o dos combust\u00edveis, \u00e9 porque seu governo est\u00e1 nas cordas\u201d.\n<\/p>\n<p>Fonte: Pleno News              <\/p>\n<\/div>\n<p><br \/>\n<br \/><a href=\"https:\/\/diariodobrasilnoticias.com.br\/noticia\/lula-quer-forjar-culpados-por-alta-dos-combustiveis-diz-estadao-67b7a658714b8\">Source link <\/a><\/p>","protected":false},"excerpt":{"rendered":"<p>O Estad\u00e3o chamou Lula (PT) de \u201cfrentista\u201d. O coment\u00e1rio consta no artigo de opini\u00e3o publicado nesta quinta-feira (20). No texto, o jornal reage ao que o petista falou no lan\u00e7amento&hellip;<\/p>","protected":false},"author":1,"featured_media":104948,"comment_status":"closed","ping_status":"open","sticky":false,"template":"","format":"standard","meta":{"content-type":"","footnotes":""},"categories":[16],"tags":[123,2448,5313,1267],"class_list":["post-104947","post","type-post","status-publish","format-standard","has-post-thumbnail","hentry","category-noticias","tag-brasil","tag-diario","tag-noticia","tag-noticias"],"_links":{"self":[{"href":"https:\/\/tvbrazilusa.com\/pt\/wp-json\/wp\/v2\/posts\/104947","targetHints":{"allow":["GET"]}}],"collection":[{"href":"https:\/\/tvbrazilusa.com\/pt\/wp-json\/wp\/v2\/posts"}],"about":[{"href":"https:\/\/tvbrazilusa.com\/pt\/wp-json\/wp\/v2\/types\/post"}],"author":[{"embeddable":true,"href":"https:\/\/tvbrazilusa.com\/pt\/wp-json\/wp\/v2\/users\/1"}],"replies":[{"embeddable":true,"href":"https:\/\/tvbrazilusa.com\/pt\/wp-json\/wp\/v2\/comments?post=104947"}],"version-history":[{"count":1,"href":"https:\/\/tvbrazilusa.com\/pt\/wp-json\/wp\/v2\/posts\/104947\/revisions"}],"predecessor-version":[{"id":104949,"href":"https:\/\/tvbrazilusa.com\/pt\/wp-json\/wp\/v2\/posts\/104947\/revisions\/104949"}],"wp:featuredmedia":[{"embeddable":true,"href":"https:\/\/tvbrazilusa.com\/pt\/wp-json\/wp\/v2\/media\/104948"}],"wp:attachment":[{"href":"https:\/\/tvbrazilusa.com\/pt\/wp-json\/wp\/v2\/media?parent=104947"}],"wp:term":[{"taxonomy":"category","embeddable":true,"href":"https:\/\/tvbrazilusa.com\/pt\/wp-json\/wp\/v2\/categories?post=104947"},{"taxonomy":"post_tag","embeddable":true,"href":"https:\/\/tvbrazilusa.com\/pt\/wp-json\/wp\/v2\/tags?post=104947"}],"curies":[{"name":"wp","href":"https:\/\/api.w.org\/{rel}","templated":true}]}}