{"id":104950,"date":"2025-02-20T23:57:24","date_gmt":"2025-02-20T23:57:24","guid":{"rendered":"https:\/\/tvbrazilusa.com\/2025\/02\/20\/gleisi-diz-que-bolsonaro-se-faz-de-vitima-e-tenta-culpar-os-outros\/"},"modified":"2025-02-20T23:57:25","modified_gmt":"2025-02-20T23:57:25","slug":"gleisi-diz-que-bolsonaro-se-faz-de-vitima-e-tenta-culpar-os-outros","status":"publish","type":"post","link":"https:\/\/tvbrazilusa.com\/pt\/2025\/02\/20\/gleisi-diz-que-bolsonaro-se-faz-de-vitima-e-tenta-culpar-os-outros\/","title":{"rendered":"Gleisi diz que Bolsonaro &#8216;se faz de v\u00edtima&#8217; e tenta &#8216;culpar os outros&#8217;"},"content":{"rendered":"<p> <script async src=\"https:\/\/pagead2.googlesyndication.com\/pagead\/js\/adsbygoogle.js?client=ca-pub-8864793242727901\"\r\n     crossorigin=\"anonymous\"><\/script><br \/>\n<\/p>\n<div id=\"taboola-read-more\" style=\"display:block; width:100%\">\n<p>Nesta quinta-feira (20), a deputada Gleisi Hoffmann (PT-PR) usou as redes sociais para disparar ataques contra o ex-presidente Jair Bolsonaro. Para a petista, o l\u00edder de direita brasileira \u201cse faz de v\u00edtima\u201c e \u201ctenta jogar a culpa nos outros\u201d.\n<\/p>\n<p>Gleisi fez os coment\u00e1rios ap\u00f3s a Procuradoria-Geral da Rep\u00fablica (PGR) denunciar o ex-presidente pelos crimes de organiza\u00e7\u00e3o criminosa armada; tentativa de aboli\u00e7\u00e3o violenta do Estado Democr\u00e1tico de Direito; golpe de Estado; dano qualificado por viol\u00eancia e grave amea\u00e7a contra o patrim\u00f4nio da Uni\u00e3o, e com consider\u00e1vel preju\u00edzo para a v\u00edtima; e deteriora\u00e7\u00e3o de patrim\u00f4nio tombado.<\/p>\n<p>A parlamentar, que \u00e9 presidente nacional do Partido dos Trabalhadores (PT) defendeu o presidente Luiz In\u00e1cio Lula da Silva e disse ainda que Bolsonaro usa a estrat\u00e9gia sempre que \u00e9 \u201cconfrontado com a verdade\u201d.\n<\/p>\n<p>\u2013 Toda vez que Jair Bolsonaro se v\u00ea confrontado com a verdade, com os crimes que cometeu contra o pa\u00eds e a democracia, ele se faz de v\u00edtima e tenta jogar a culpa nos outros. N\u00e3o adianta desviar o assunto e atacar o presidente Lula por problemas que ele trabalha de verdade para resolver. Bem diferente de voc\u00ea, que \u00e9 culpado tamb\u00e9m pela morte de centenas de milhares na pandemia, pelas fam\u00edlias na fila do osso, pela destrui\u00e7\u00e3o da economia, da educa\u00e7\u00e3o e da sa\u00fade \u2013 escreveu.\n<\/p>\n<p>Sobre a den\u00fancia da PGR, Gleisi disse que ela \u00e9 o resultado de anos de investiga\u00e7\u00e3o seguindo todo o procedimento legal.\n<\/p>\n<p>\u2013 A den\u00fancia da PGR n\u00e3o nasceu anteontem. Ela \u00e9 o resultado de dois anos de investiga\u00e7\u00e3o, num inqu\u00e9rito que cumpriu rigorosamente todos os ritos do devido processo legal, que o chefe da mil\u00edcia golpista queria rasgar. A den\u00fancia contra Bolsonaro e seus c\u00famplices \u00e9 o resultado do que eles fizeram para usurpar o poder e a soberania do povo nas elei\u00e7\u00f5es de 2022. A culpa \u00e9 sua, ineleg\u00edvel! E Quem est\u00e1 nas cordas \u00e9 voc\u00ea e prestes a se tornar r\u00e9u por muitos crimes. Sem anistia! \u2013 ressaltou.\n<\/p>\n<p>Fonte: Pleno News              <\/p>\n<\/div>\n<p><br \/>\n<br \/><a href=\"https:\/\/diariodobrasilnoticias.com.br\/noticia\/gleisi-diz-que-bolsonaro-se-faz-de-vitima-e-tenta-culpar-os-outros-67b7a34276ed8\">Source link <\/a><\/p>","protected":false},"excerpt":{"rendered":"<p>Nesta quinta-feira (20), a deputada Gleisi Hoffmann (PT-PR) usou as redes sociais para disparar ataques contra o ex-presidente Jair Bolsonaro. Para a petista, o l\u00edder de direita brasileira \u201cse faz&hellip;<\/p>","protected":false},"author":1,"featured_media":104951,"comment_status":"closed","ping_status":"open","sticky":false,"template":"","format":"standard","meta":{"content-type":"","footnotes":""},"categories":[16],"tags":[123,2448,5313,1267],"class_list":["post-104950","post","type-post","status-publish","format-standard","has-post-thumbnail","hentry","category-noticias","tag-brasil","tag-diario","tag-noticia","tag-noticias"],"_links":{"self":[{"href":"https:\/\/tvbrazilusa.com\/pt\/wp-json\/wp\/v2\/posts\/104950","targetHints":{"allow":["GET"]}}],"collection":[{"href":"https:\/\/tvbrazilusa.com\/pt\/wp-json\/wp\/v2\/posts"}],"about":[{"href":"https:\/\/tvbrazilusa.com\/pt\/wp-json\/wp\/v2\/types\/post"}],"author":[{"embeddable":true,"href":"https:\/\/tvbrazilusa.com\/pt\/wp-json\/wp\/v2\/users\/1"}],"replies":[{"embeddable":true,"href":"https:\/\/tvbrazilusa.com\/pt\/wp-json\/wp\/v2\/comments?post=104950"}],"version-history":[{"count":1,"href":"https:\/\/tvbrazilusa.com\/pt\/wp-json\/wp\/v2\/posts\/104950\/revisions"}],"predecessor-version":[{"id":104952,"href":"https:\/\/tvbrazilusa.com\/pt\/wp-json\/wp\/v2\/posts\/104950\/revisions\/104952"}],"wp:featuredmedia":[{"embeddable":true,"href":"https:\/\/tvbrazilusa.com\/pt\/wp-json\/wp\/v2\/media\/104951"}],"wp:attachment":[{"href":"https:\/\/tvbrazilusa.com\/pt\/wp-json\/wp\/v2\/media?parent=104950"}],"wp:term":[{"taxonomy":"category","embeddable":true,"href":"https:\/\/tvbrazilusa.com\/pt\/wp-json\/wp\/v2\/categories?post=104950"},{"taxonomy":"post_tag","embeddable":true,"href":"https:\/\/tvbrazilusa.com\/pt\/wp-json\/wp\/v2\/tags?post=104950"}],"curies":[{"name":"wp","href":"https:\/\/api.w.org\/{rel}","templated":true}]}}