{"id":104953,"date":"2025-02-21T00:03:51","date_gmt":"2025-02-21T00:03:51","guid":{"rendered":"https:\/\/tvbrazilusa.com\/2025\/02\/21\/ex-ministro-de-lula-pedira-a-pgr-que-bolsonaro-seja-equipado-com-tornozeleira-eletronica\/"},"modified":"2025-02-21T00:03:54","modified_gmt":"2025-02-21T00:03:54","slug":"ex-ministro-de-lula-pedira-a-pgr-que-bolsonaro-seja-equipado-com-tornozeleira-eletronica","status":"publish","type":"post","link":"https:\/\/tvbrazilusa.com\/pt\/2025\/02\/21\/ex-ministro-de-lula-pedira-a-pgr-que-bolsonaro-seja-equipado-com-tornozeleira-eletronica\/","title":{"rendered":"Ex-ministro de Lula pedir\u00e1 \u00e0 PGR que Bolsonaro seja equipado com tornozeleira eletr\u00f4nica"},"content":{"rendered":"<p> <script async src=\"https:\/\/pagead2.googlesyndication.com\/pagead\/js\/adsbygoogle.js?client=ca-pub-8864793242727901\"\r\n     crossorigin=\"anonymous\"><\/script><br \/>\n<\/p>\n<div>\n<figure class=\"post-image\">\n<\/figure>\n<p>            <span style=\"font-size: 12px\">Foto: Kayo Magalh\u00e3es \/ C\u00e2mara dos Deputados<\/span><\/p>\n<p>            <!-- end metas --><br \/>\n            <!-- ADS --><\/p>\n<div id=\"taboola-read-more\" style=\"display:block; width:100%\">\n<p>Ex-ministro e deputado federal, Paulo Pimenta (PT-RS) afirmou, nesta quarta-feira (19), que pedir\u00e1 \u00e0 Procuradoria-Geral da Rep\u00fablica (PGR) a imposi\u00e7\u00e3o de tornozeleira eletr\u00f4nica ao ex-presidente Jair Bolsonaro (PL).\n<\/p>\n<p>O pedido ocorre ap\u00f3s Bolsonaro ser denunciado ao Supremo Tribunal Federal (STF) por suposta participa\u00e7\u00e3o em tentativa de golpe de Estado.<\/p>\n<p>Pimenta disse a jornalistas que Bolsonaro pode deixar o pa\u00eds mesmo estando sem passaporte [documento apreendido em 2024]. Na sua justificativa, o petista cita os dois dias que o l\u00edder da direita esteve hospedado na Embaixada da Hungria em Bras\u00edlia.\n<\/p>\n<p>O deputado tamb\u00e9m solicitar\u00e1 a apreens\u00e3o dos passaportes de outros denunciados no caso que envolve, ao todo, 34 pessoas.\n<\/p>\n<p>A den\u00fancia da PGR, apresentada pelo procurador-geral Paulo Gonet, aponta Bolsonaro e o ex-ministro Braga Netto como l\u00edderes de uma trama para invalidar as elei\u00e7\u00f5es. O ex-presidente tamb\u00e9m \u00e9 acusado de apoiar um plano contra a vida de Lula (PT), Geraldo Alckmin (PSB) e contra o ministro Alexandre de Moraes.\n<\/p>\n<p>Fonte: Pleno news              <\/p>\n<\/div>\n<p>                        <!-- Scripts para conteudo --><\/p>\n<p>            <!-- .\/Scripts para conteudo --><br \/>\n            <!-- .\/Mat\u00e9ria --><\/p>\n<div class=\"row mt-3\">\n<div class=\"col-sm-6\">\n                <!-- Whatsapp channel 3--><br \/>\n                <a href=\"https:\/\/chat.whatsapp.com\/B8Qy6Erx4kb6yTzj3kaDco\" target=\"_blank\"><br \/>\n                  <img decoding=\"async\" src=\"https:\/\/diariodobrasilnoticias.com.br\/assets-site\/images\/bot_whatsapp.png\"\/><\/a>\n              <\/div>\n<div class=\"col-sm-6\">\n                <a href=\"https:\/\/t.me\/+_4gTmi5LKo03OTM5\" target=\"_blank\"><br \/>\n                  <img decoding=\"async\" src=\"https:\/\/diariodobrasilnoticias.com.br\/assets-site\/images\/bot_telegram.png\"\/><\/a>\n              <\/div>\n<\/p><\/div>\n<p>            <!-- end post-navigation --><\/p>\n<p>              <!-- end row --><\/p>\n<p>              <!-- end col-12-->\n                      <\/div>\n<p><br \/>\n<br \/><a href=\"https:\/\/diariodobrasilnoticias.com.br\/noticia\/ex-ministro-de-lula-pedira-a-pgr-que-bolsonaro-seja-equipado-com-tornozeleira-eletronica-67b7a6a85708e\">Source link <\/a><\/p>","protected":false},"excerpt":{"rendered":"<p>Foto: Kayo Magalh\u00e3es \/ C\u00e2mara dos Deputados Ex-ministro e deputado federal, Paulo Pimenta (PT-RS) afirmou, nesta quarta-feira (19), que pedir\u00e1 \u00e0 Procuradoria-Geral da Rep\u00fablica (PGR) a imposi\u00e7\u00e3o de tornozeleira eletr\u00f4nica&hellip;<\/p>","protected":false},"author":1,"featured_media":104954,"comment_status":"closed","ping_status":"open","sticky":false,"template":"","format":"standard","meta":{"content-type":"","footnotes":""},"categories":[16],"tags":[123,2448,5313,1267],"class_list":["post-104953","post","type-post","status-publish","format-standard","has-post-thumbnail","hentry","category-noticias","tag-brasil","tag-diario","tag-noticia","tag-noticias"],"_links":{"self":[{"href":"https:\/\/tvbrazilusa.com\/pt\/wp-json\/wp\/v2\/posts\/104953","targetHints":{"allow":["GET"]}}],"collection":[{"href":"https:\/\/tvbrazilusa.com\/pt\/wp-json\/wp\/v2\/posts"}],"about":[{"href":"https:\/\/tvbrazilusa.com\/pt\/wp-json\/wp\/v2\/types\/post"}],"author":[{"embeddable":true,"href":"https:\/\/tvbrazilusa.com\/pt\/wp-json\/wp\/v2\/users\/1"}],"replies":[{"embeddable":true,"href":"https:\/\/tvbrazilusa.com\/pt\/wp-json\/wp\/v2\/comments?post=104953"}],"version-history":[{"count":1,"href":"https:\/\/tvbrazilusa.com\/pt\/wp-json\/wp\/v2\/posts\/104953\/revisions"}],"predecessor-version":[{"id":104955,"href":"https:\/\/tvbrazilusa.com\/pt\/wp-json\/wp\/v2\/posts\/104953\/revisions\/104955"}],"wp:featuredmedia":[{"embeddable":true,"href":"https:\/\/tvbrazilusa.com\/pt\/wp-json\/wp\/v2\/media\/104954"}],"wp:attachment":[{"href":"https:\/\/tvbrazilusa.com\/pt\/wp-json\/wp\/v2\/media?parent=104953"}],"wp:term":[{"taxonomy":"category","embeddable":true,"href":"https:\/\/tvbrazilusa.com\/pt\/wp-json\/wp\/v2\/categories?post=104953"},{"taxonomy":"post_tag","embeddable":true,"href":"https:\/\/tvbrazilusa.com\/pt\/wp-json\/wp\/v2\/tags?post=104953"}],"curies":[{"name":"wp","href":"https:\/\/api.w.org\/{rel}","templated":true}]}}