{"id":104956,"date":"2025-02-21T00:09:22","date_gmt":"2025-02-21T00:09:22","guid":{"rendered":"https:\/\/tvbrazilusa.com\/2025\/02\/21\/organizacoes-de-direitos-humanos-enfrentam-acusacoes-de-cumplicidade-com-as-atividades-do-hamas\/"},"modified":"2025-02-21T00:09:24","modified_gmt":"2025-02-21T00:09:24","slug":"organizacoes-de-direitos-humanos-enfrentam-acusacoes-de-cumplicidade-com-as-atividades-do-hamas","status":"publish","type":"post","link":"https:\/\/tvbrazilusa.com\/pt\/2025\/02\/21\/organizacoes-de-direitos-humanos-enfrentam-acusacoes-de-cumplicidade-com-as-atividades-do-hamas\/","title":{"rendered":"Organiza\u00e7\u00f5es de direitos humanos enfrentam acusa\u00e7\u00f5es de cumplicidade com as atividades do Hamas"},"content":{"rendered":"<p> <script async src=\"https:\/\/pagead2.googlesyndication.com\/pagead\/js\/adsbygoogle.js?client=ca-pub-8864793242727901\"\r\n     crossorigin=\"anonymous\"><\/script><br \/>\n<\/p>\n<div id=\"taboola-read-more\" style=\"display:block; width:100%\">\n<p>O sil\u00eancio de organiza\u00e7\u00f5es internacionais de direitos humanos diante do sequestro e assassinato de ref\u00e9ns israelenses, incluindo beb\u00eas, pelo Hamas, tem causado pouca indigna\u00e7\u00e3o se for levada em conta a intensidade da barb\u00e1rie.\n<\/p>\n<p>Dois tipos de sil\u00eancio, portanto, se acumulam: o dos que se calam e o dos que n\u00e3o se revoltam com os que se calam. O assunto foi tema de reportagem do The Jerusalem Post.<\/p>\n<p>A falta de palavras e de a\u00e7\u00e3o vai de ponta a ponta. Come\u00e7a no momento em que o idoso Oded Lifshitz, 84 anos, Shiri Bibas, 32 anos, e seus meninos Ariel, 5, e Kfir, 2, foram sequestrados por hordas vindas da Faixa de Gaza.\n<\/p>\n<p>E prossegue at\u00e9 a chocante exibi\u00e7\u00e3o de seus restos mortais em um palco, sob aplauso de uma multid\u00e3o que apoia o grupo terrorista. O Post definiu essa passividade de ONGs que se dizem defensoras dos direitos humanos como \u201cvergonhosa cumplicidade.\u201d\n<\/p>\n<p>Mas n\u00e3o \u00e9 apenas o jornal israelense que busca entender a situa\u00e7\u00e3o absurda. H\u00e1 uma parcela da sociedade que se mant\u00e9m incans\u00e1vel no combate \u00e0 indiferen\u00e7a. E condena a ina\u00e7\u00e3o destas renomadas ONGs diante da barb\u00e1rie perpetrada pelo Hamas.\n<\/p>\n<p>\u201cInfelizmente a aus\u00eancia de manifesta\u00e7\u00e3o de organiza\u00e7\u00f5es internacionais, assim como de outros pa\u00edses, n\u00e3o nos surpreende\u201d, afirma a Oeste Rafael Azamor, representante no Brasil do F\u00f3rum dos Familiares de Ref\u00e9ns e Desaparecidos no 7 de Outubro. \u201cDesde 7 de outubro nos deparamos com isso: a viol\u00eancia perpetrada contra israelenses e contra a comunidade judaica n\u00e3o choca o mundo.\u201d\n<\/p>\n<p>A Confedera\u00e7\u00e3o Israelita do Brasil (Conib), tamb\u00e9m divulgou nota repudiando a cena.\n<\/p>\n<p>\u201cA exibi\u00e7\u00e3o midi\u00e1tica e c\u00ednica dos caix\u00f5es de crian\u00e7as, adultos e idosos reflete a barb\u00e1rie e a desumaniza\u00e7\u00e3o promovidas pelo Hamas, que continua a transformar a dor e o sofrimento em um macabro show de propaganda\u201d, declarou a confedera\u00e7\u00e3o israelita.\n<\/p>\n<p>Enquanto s\u00e3o c\u00e9leres em denunciar Israel, essas ONGs permanecem em sil\u00eancio diante dos crimes do Hamas, prossegue o Post. A Anistia Internacional, Human Rights Watch, Save the Children e outras organiza\u00e7\u00f5es foram citadas e acusadas de ignorarem o sofrimento dos ref\u00e9ns e de suas fam\u00edlias.\n<\/p>\n<p>O Fundo das Na\u00e7\u00f5es Unidas para a Inf\u00e2ncia (Unicef), que se proclama defensora de \u201ccada crian\u00e7a\u201d, fez apenas breves men\u00e7\u00f5es aos beb\u00eas Bibas. O escrit\u00f3rio do Alto Comiss\u00e1rio das Na\u00e7\u00f5es Unidas para os Direitos Humanos (ACNUDH) foi ainda pior. Equiparou, segundo o Post, ref\u00e9ns a terroristas, demonstrando um descaso chocante com as v\u00edtimas do Hamas.\n<\/p>\n<p>At\u00e9 mesmo o Comit\u00ea Internacional da Cruz Vermelha, cuja miss\u00e3o \u00e9 proteger as v\u00edtimas de conflitos armados, demorou 500 dias para visitar os ref\u00e9ns e participou da cerim\u00f4nia de propaganda do Hamas, legitimando a explora\u00e7\u00e3o da trag\u00e9dia. Levanta, conforme relata o Post, s\u00e9rias quest\u00f5es sobre sua imparcialidade e compromisso com a defesa dos direitos humanos.\n<\/p>\n<p>Credibilidade das ONGs est\u00e1 minada<br \/>A postura dessas ONGs mancha sua reputa\u00e7\u00e3o, na vis\u00e3o de Azamor. E mina a credibilidade dos direitos humanos como um todo.\n<\/p>\n<p>Fonte: Pleno News              <\/p>\n<\/div>\n<p><br \/>\n<br \/><a href=\"https:\/\/diariodobrasilnoticias.com.br\/noticia\/organizacoes-de-direitos-humanos-enfrentam-acusacoes-de-cumplicidade-com-as-atividades-do-hamas-67b7a762eaf50\">Source link <\/a><\/p>","protected":false},"excerpt":{"rendered":"<p>O sil\u00eancio de organiza\u00e7\u00f5es internacionais de direitos humanos diante do sequestro e assassinato de ref\u00e9ns israelenses, incluindo beb\u00eas, pelo Hamas, tem causado pouca indigna\u00e7\u00e3o se for levada em conta a&hellip;<\/p>","protected":false},"author":1,"featured_media":104957,"comment_status":"closed","ping_status":"open","sticky":false,"template":"","format":"standard","meta":{"content-type":"","footnotes":""},"categories":[16],"tags":[123,2448,5313,1267],"class_list":["post-104956","post","type-post","status-publish","format-standard","has-post-thumbnail","hentry","category-noticias","tag-brasil","tag-diario","tag-noticia","tag-noticias"],"_links":{"self":[{"href":"https:\/\/tvbrazilusa.com\/pt\/wp-json\/wp\/v2\/posts\/104956","targetHints":{"allow":["GET"]}}],"collection":[{"href":"https:\/\/tvbrazilusa.com\/pt\/wp-json\/wp\/v2\/posts"}],"about":[{"href":"https:\/\/tvbrazilusa.com\/pt\/wp-json\/wp\/v2\/types\/post"}],"author":[{"embeddable":true,"href":"https:\/\/tvbrazilusa.com\/pt\/wp-json\/wp\/v2\/users\/1"}],"replies":[{"embeddable":true,"href":"https:\/\/tvbrazilusa.com\/pt\/wp-json\/wp\/v2\/comments?post=104956"}],"version-history":[{"count":1,"href":"https:\/\/tvbrazilusa.com\/pt\/wp-json\/wp\/v2\/posts\/104956\/revisions"}],"predecessor-version":[{"id":104958,"href":"https:\/\/tvbrazilusa.com\/pt\/wp-json\/wp\/v2\/posts\/104956\/revisions\/104958"}],"wp:featuredmedia":[{"embeddable":true,"href":"https:\/\/tvbrazilusa.com\/pt\/wp-json\/wp\/v2\/media\/104957"}],"wp:attachment":[{"href":"https:\/\/tvbrazilusa.com\/pt\/wp-json\/wp\/v2\/media?parent=104956"}],"wp:term":[{"taxonomy":"category","embeddable":true,"href":"https:\/\/tvbrazilusa.com\/pt\/wp-json\/wp\/v2\/categories?post=104956"},{"taxonomy":"post_tag","embeddable":true,"href":"https:\/\/tvbrazilusa.com\/pt\/wp-json\/wp\/v2\/tags?post=104956"}],"curies":[{"name":"wp","href":"https:\/\/api.w.org\/{rel}","templated":true}]}}