{"id":104977,"date":"2025-02-21T01:28:19","date_gmt":"2025-02-21T01:28:19","guid":{"rendered":"https:\/\/tvbrazilusa.com\/2025\/02\/21\/agora-governo-suspende-linhas-subsidiadas-de-credito-do-plano-safra-por-falta-de-recursos\/"},"modified":"2025-02-21T01:28:21","modified_gmt":"2025-02-21T01:28:21","slug":"agora-governo-suspende-linhas-subsidiadas-de-credito-do-plano-safra-por-falta-de-recursos","status":"publish","type":"post","link":"https:\/\/tvbrazilusa.com\/pt\/2025\/02\/21\/agora-governo-suspende-linhas-subsidiadas-de-credito-do-plano-safra-por-falta-de-recursos\/","title":{"rendered":"AGORA: Governo suspende linhas subsidiadas de cr\u00e9dito do Plano Safra por falta de recursos"},"content":{"rendered":"<p> <script async src=\"https:\/\/pagead2.googlesyndication.com\/pagead\/js\/adsbygoogle.js?client=ca-pub-8864793242727901\"\r\n     crossorigin=\"anonymous\"><\/script><br \/>\n<\/p>\n<div id=\"taboola-read-more\" style=\"display:block; width:100%\">\n<p>O governo de Luiz In\u00e1cio Lula da Silva (PT) decidiu suspender as linhas subsidiadas do Plano Safra 2024\/2025 por falta de recursos no Or\u00e7amento para bancar a equaliza\u00e7\u00e3o das taxas de juros em um momento de alta da Selic.\n<\/p>\n<p>A suspens\u00e3o atinge todas as linhas, exceto aquela destinada a a\u00e7\u00f5es de custeio no \u00e2mbito do Pronaf (Programa Nacional de Fortalecimento da Agricultura Familiar).<\/p>\n<p>A informa\u00e7\u00e3o foi divulgada primeiro pelo Globo Rural e confirmada pelo Minist\u00e9rio da Fazenda.\n<\/p>\n<p>&#8220;A suspens\u00e3o tempor\u00e1ria das linhas de cr\u00e9dito com recursos equalizados do Plano Safra 24\/25 se fez necess\u00e1ria em fun\u00e7\u00e3o da eleva\u00e7\u00e3o da taxa b\u00e1sica de juros, o que resultou no aumento do custo de equaliza\u00e7\u00e3o de cr\u00e9dito do Plano Safra 24\/25&#8221;, diz a pasta em nota.\n<\/p>\n<p>Segundo o governo, a suspens\u00e3o deve valer at\u00e9 a aprova\u00e7\u00e3o da LOA (Lei Or\u00e7ament\u00e1ria Anual), quando se espera fazer &#8220;os ajustes necess\u00e1rios, diante do impacto gerado pelas novas estimativas relacionadas \u00e0 taxa Selic&#8221;. O Or\u00e7amento de 2025 ainda est\u00e1 em fase de tramita\u00e7\u00e3o no Congresso Nacional, e a vota\u00e7\u00e3o deve ocorrer s\u00f3 depois do Carnaval.\n<\/p>\n<p>Nas linhas subsidiadas, o governo banca uma parte do custo do empr\u00e9stimo para que os produtores consigam tomar os recursos a uma taxa menor do que a Selic. Com isso, o Plano Safra 2024\/2025 ofereceu taxas de juros de 8% ao ano para custeio e comercializa\u00e7\u00e3o, e entre 7% e 12% ao ano para investimentos.\n<\/p>\n<p>O plano, por\u00e9m, foi elaborado quando a Selic estava em ciclo de queda. Em seu lan\u00e7amento, no in\u00edcio de julho do ano passado, a taxa b\u00e1sica j\u00e1 havia ca\u00eddo a 10,50% ao ano. O subs\u00eddio que o Tesouro banca equivale ao diferencial entre as taxas.\n<\/p>\n<p>O custo aumentou porque, desde setembro, o Copom (Comit\u00ea de Pol\u00edtica Monet\u00e1ria) do Banco Central vem elevando a taxa b\u00e1sica, que j\u00e1 est\u00e1 em 13,25% ao ano e deve subir a pelo menos 14,25% ao ano.\n<\/p>\n<p>No final de janeiro, o ministro da Agricultura, Carlos F\u00e1varo, j\u00e1 havia indicado que o aumento na taxa b\u00e1sica de juros acendeu um alerta dentro do governo. Na ocasi\u00e3o, ele se reuniu com o ministro Fernando Haddad (Fazenda) e disse que o governo buscava solu\u00e7\u00f5es alternativas para a elabora\u00e7\u00e3o do Plano Safra 2025\/2026.\n<\/p>\n<p>Segundo ele, o Executivo discute instrumentos para tentar conciliar a oferta de linhas subsidiadas com o espa\u00e7o dispon\u00edvel no Or\u00e7amento, o que pode incluir taxas de juros diferenciadas por tipo de cultivo.\n<\/p>\n<p>Esse \u00e9 um mecanismo que j\u00e1 existe no \u00e2mbito do Pronaf (Programa Nacional de Fortalecimento da Agricultura Familiar), mas o governo estuda replic\u00e1-lo no Pronamp (Programa Nacional de Apoio ao M\u00e9dio Produtor Rural).\n<\/p>\n<p>Outras possibilidades, segundo ele, seriam ampliar o uso das LCAs (Letras de Cr\u00e9dito do Agroneg\u00f3cio) para financiar a agropecu\u00e1ria (o t\u00edtulo oferece isen\u00e7\u00e3o de Imposto de Renda sobre os rendimentos dos investidores, o que contribui para baratear o custo de quem toma os recursos emprestados) e incentivar maiores capta\u00e7\u00f5es externas. O ministro tamb\u00e9m citou a moderniza\u00e7\u00e3o do seguro rural entre as discuss\u00f5es.<\/p>\n<p>Fonte: Folha de S. Paulo              <\/p>\n<\/div>\n<p><br \/>\n<br \/><a href=\"https:\/\/diariodobrasilnoticias.com.br\/noticia\/agora-governo-suspende-linhas-subsidiadas-de-credito-do-plano-safra-por-falta-de-recursos-67b7b32800b51\">Source link <\/a><\/p>","protected":false},"excerpt":{"rendered":"<p>O governo de Luiz In\u00e1cio Lula da Silva (PT) decidiu suspender as linhas subsidiadas do Plano Safra 2024\/2025 por falta de recursos no Or\u00e7amento para bancar a equaliza\u00e7\u00e3o das taxas&hellip;<\/p>","protected":false},"author":1,"featured_media":104978,"comment_status":"closed","ping_status":"open","sticky":false,"template":"","format":"standard","meta":{"content-type":"","footnotes":""},"categories":[16],"tags":[123,2448,5313,1267],"class_list":["post-104977","post","type-post","status-publish","format-standard","has-post-thumbnail","hentry","category-noticias","tag-brasil","tag-diario","tag-noticia","tag-noticias"],"_links":{"self":[{"href":"https:\/\/tvbrazilusa.com\/pt\/wp-json\/wp\/v2\/posts\/104977","targetHints":{"allow":["GET"]}}],"collection":[{"href":"https:\/\/tvbrazilusa.com\/pt\/wp-json\/wp\/v2\/posts"}],"about":[{"href":"https:\/\/tvbrazilusa.com\/pt\/wp-json\/wp\/v2\/types\/post"}],"author":[{"embeddable":true,"href":"https:\/\/tvbrazilusa.com\/pt\/wp-json\/wp\/v2\/users\/1"}],"replies":[{"embeddable":true,"href":"https:\/\/tvbrazilusa.com\/pt\/wp-json\/wp\/v2\/comments?post=104977"}],"version-history":[{"count":1,"href":"https:\/\/tvbrazilusa.com\/pt\/wp-json\/wp\/v2\/posts\/104977\/revisions"}],"predecessor-version":[{"id":104979,"href":"https:\/\/tvbrazilusa.com\/pt\/wp-json\/wp\/v2\/posts\/104977\/revisions\/104979"}],"wp:featuredmedia":[{"embeddable":true,"href":"https:\/\/tvbrazilusa.com\/pt\/wp-json\/wp\/v2\/media\/104978"}],"wp:attachment":[{"href":"https:\/\/tvbrazilusa.com\/pt\/wp-json\/wp\/v2\/media?parent=104977"}],"wp:term":[{"taxonomy":"category","embeddable":true,"href":"https:\/\/tvbrazilusa.com\/pt\/wp-json\/wp\/v2\/categories?post=104977"},{"taxonomy":"post_tag","embeddable":true,"href":"https:\/\/tvbrazilusa.com\/pt\/wp-json\/wp\/v2\/tags?post=104977"}],"curies":[{"name":"wp","href":"https:\/\/api.w.org\/{rel}","templated":true}]}}