{"id":105088,"date":"2025-02-21T13:12:14","date_gmt":"2025-02-21T13:12:14","guid":{"rendered":"https:\/\/tvbrazilusa.com\/2025\/02\/21\/agora-governo-desativa-usinas-solares-e-eolicas-no-nordeste-e-disputa-vai-a-justica\/"},"modified":"2025-02-21T13:12:15","modified_gmt":"2025-02-21T13:12:15","slug":"agora-governo-desativa-usinas-solares-e-eolicas-no-nordeste-e-disputa-vai-a-justica","status":"publish","type":"post","link":"https:\/\/tvbrazilusa.com\/pt\/2025\/02\/21\/agora-governo-desativa-usinas-solares-e-eolicas-no-nordeste-e-disputa-vai-a-justica\/","title":{"rendered":"AGORA: Governo desativa usinas solares e e\u00f3licas no Nordeste, e disputa vai \u00e0 Justi\u00e7a"},"content":{"rendered":"<p> <script async src=\"https:\/\/pagead2.googlesyndication.com\/pagead\/js\/adsbygoogle.js?client=ca-pub-8864793242727901\"\r\n     crossorigin=\"anonymous\"><\/script><br \/>\n<\/p>\n<div id=\"taboola-read-more\" style=\"display:block; width:100%\">\n<p>Com as temperaturas em alta e o uso intensivo do ar-condicionado, muitos consumidores temem o impacto na conta de luz. No entanto, um problema oposto tamb\u00e9m pode resultar em custos adicionais. O excesso de eletricidade dispon\u00edvel no sistema gerou um impasse entre as geradoras de energia e\u00f3lica e solar, a Ag\u00eancia Nacional de Energia El\u00e9trica (Aneel) e o Operador Nacional do Sistema (ONS).\n<\/p>\n<p>A Aneel reconheceu a exist\u00eancia do impasse. De acordo com a ag\u00eancia, uma disputa judicial envolve empresas que defendem a cobran\u00e7a dos consumidores por energia, mesmo quando n\u00e3o h\u00e1 necessidade de uso. Para a Aneel, essa cobran\u00e7a n\u00e3o se justifica. O ONS, por sua vez, n\u00e3o se pronunciou sobre o caso.<\/p>\n<p>Em 2023, diversas geradoras, especialmente no Nordeste, tiveram sua produ\u00e7\u00e3o restringida. A justificativa foi a oferta excessiva, que poderia comprometer a estabilidade do sistema el\u00e9trico. Estima-se que o setor e\u00f3lico tenha registrado preju\u00edzos de R$ 1,7 bilh\u00e3o. Esse valor corresponde a metade do consumo el\u00e9trico de Goi\u00e1s naquele ano. J\u00e1 o setor solar calculou perdas de R$ 673,5 milh\u00f5es.\n<\/p>\n<p>No Rio Grande do Norte, alguns parques e\u00f3licos relataram redu\u00e7\u00f5es de at\u00e9 60% na gera\u00e7\u00e3o de energia. A Aneel determinou os cortes, e o ONS seguiu as diretrizes. Como consequ\u00eancia, as empresas buscam compensa\u00e7\u00f5es financeiras e recorreram aos governadores para levar a quest\u00e3o ao presidente Luiz In\u00e1cio Lula da Silva (PT).\n<\/p>\n<p>A Abee\u00f3lica afirma que a compensa\u00e7\u00e3o pelos cortes de 2024 teria impacto m\u00ednimo nas tarifas. O acr\u00e9scimo estimado na conta de luz seria de 0,38%. Caso n\u00e3o haja uma solu\u00e7\u00e3o, as restri\u00e7\u00f5es podem se repetir em 2025, o que pode ampliar ainda mais os custos para os consumidores.\n<\/p>\n<p>O Minist\u00e9rio de Minas e Energia trabalha para minimizar os cortes e garantir a estabilidade do sistema el\u00e9trico<br \/>O Minist\u00e9rio de Minas e Energia declarou que trabalha para mitigar os cortes na gera\u00e7\u00e3o de eletricidade e garantir a estabilidade do Sistema Interligado Nacional. Nos \u00faltimos dois anos, o governo destinou R$ 60 bilh\u00f5es para expandir a transmiss\u00e3o de energia gerada no Nordeste.\n<\/p>\n<p>Elbia Gannoum, presidente da Abee\u00f3lica, critica as restri\u00e7\u00f5es impostas ao setor. Ela lembra que o modelo brasileiro prev\u00ea a divis\u00e3o de \u00f4nus e b\u00f4nus entre geradores e consumidores.\n<\/p>\n<p>\u201cEm 2021, quando todo mundo precisava de energia e estava seco, as e\u00f3licas geraram muito bem e salvaram o sistema de um pre\u00e7o alto da energia\u201d, declarou a presidente. \u201cAgora que, por uma raz\u00e3o ou outra, o sistema n\u00e3o precisa ou n\u00e3o pode receber energia que estou produzindo, eu vou ter de pagar? Quer dizer que na hora do \u00f4nus, eu salvo a P\u00e1tria; e na hora que o sistema est\u00e1 tranquilo, n\u00e3o vai pagar a conta?\u201d\n<\/p>\n<p>Em uma reuni\u00e3o realizada em 6 de fevereiro, governadores do Nordeste apresentaram queixas sobre os impactos das restri\u00e7\u00f5es. O presidente Lula ordenou que a Casa Civil e o Minist\u00e9rio de Minas e Energia encontrassem uma solu\u00e7\u00e3o. Na semana passada, o ministro Alexandre Silveira anunciou a cria\u00e7\u00e3o de um grupo de trabalho com a Aneel e o ONS para discutir o tema com geradores e grandes consumidores de energia.\n<\/p>\n<p>Para o governador do Piau\u00ed, Rafael Fonteles, presidente do Cons\u00f3rcio do Nordeste, a inseguran\u00e7a na gera\u00e7\u00e3o compromete novos investimentos.\n<\/p>\n<p>\u201cO impedimento na gera\u00e7\u00e3o provoca uma inseguran\u00e7a que pode afetar novos empreendimentos, e esse \u00e9 um tema priorit\u00e1rio para os governadores do Nordeste\u201d, disse Fonteles ao\u00a0<em>O Estado de S. Paulo.<\/em>\n<\/p>\n<p>\u00a0<\/p>\n<h2 class=\"wp-block-heading\">Empresas alertam que o desequil\u00edbrio pode falir geradoras<\/h2>\n<p>Empresas do setor de energia renov\u00e1vel alertam que o desequil\u00edbrio no sistema pode levar algumas geradoras \u00e0 fal\u00eancia. Bancos p\u00fablicos, como o Banco do Nordeste, que financiou muitos desses projetos, tamb\u00e9m seriam afetados. Enquanto isso, grandes consumidores de eletricidade rejeitam a ideia de indeniza\u00e7\u00f5es e defendem incentivos para estimular a ind\u00fastria a aumentar o consumo de energia limpa.\n<\/p>\n<p>Paulo Pedrosa, presidente da Associa\u00e7\u00e3o dos Grandes Consumidores Industriais de Energia e Livres (Abrace), prop\u00f5e que o governo implemente benef\u00edcios fiscais e linhas de cr\u00e9dito para modernizar o setor industrial. Dessa forma, o consumo de energia renov\u00e1vel aumentaria, e os produtos brasileiros se tornariam mais competitivos no mercado global.\n<\/p>\n<p>\u201cSe tem deb\u00eantures incentivadas para estimular a produ\u00e7\u00e3o de energia e o financiamento do BNDES para parques e\u00f3licos, vamos fazer isso do outro lado do espelho\u201d, disse Pedrosa. \u201cOu seja, vamos usar deb\u00eantures incentivadas, financiamento, modelos de deprecia\u00e7\u00e3o acelerada para modernizar a ind\u00fastria e aumentar o consumo de energia e produzir produtos competitivos de baixa emiss\u00e3o para o mercado global.\u201d\n<\/p>\n<p>Uma alternativa em estudo na Aneel e no Minist\u00e9rio de Minas e Energia envolve a redu\u00e7\u00e3o do pre\u00e7o da eletricidade nos per\u00edodos de maior produ\u00e7\u00e3o solar e e\u00f3lica. Essa estrat\u00e9gia incentivaria o consumo industrial nesses momentos, e poderia equilibrar a oferta e a demanda de energia renov\u00e1vel no pa\u00eds.\n<\/p>\n<p>Fonte: Revista Oeste              <\/p>\n<\/div>\n<p><br \/>\n<br \/><a href=\"https:\/\/diariodobrasilnoticias.com.br\/noticia\/agora-governo-desativa-usinas-solares-e-eolicas-no-nordeste-e-disputa-vai-a-justica-67b878baaee9e\">Source link <\/a><\/p>","protected":false},"excerpt":{"rendered":"<p>Com as temperaturas em alta e o uso intensivo do ar-condicionado, muitos consumidores temem o impacto na conta de luz. No entanto, um problema oposto tamb\u00e9m pode resultar em custos&hellip;<\/p>","protected":false},"author":1,"featured_media":105089,"comment_status":"closed","ping_status":"open","sticky":false,"template":"","format":"standard","meta":{"content-type":"","footnotes":""},"categories":[16],"tags":[123,2448,5313,1267],"class_list":["post-105088","post","type-post","status-publish","format-standard","has-post-thumbnail","hentry","category-noticias","tag-brasil","tag-diario","tag-noticia","tag-noticias"],"_links":{"self":[{"href":"https:\/\/tvbrazilusa.com\/pt\/wp-json\/wp\/v2\/posts\/105088","targetHints":{"allow":["GET"]}}],"collection":[{"href":"https:\/\/tvbrazilusa.com\/pt\/wp-json\/wp\/v2\/posts"}],"about":[{"href":"https:\/\/tvbrazilusa.com\/pt\/wp-json\/wp\/v2\/types\/post"}],"author":[{"embeddable":true,"href":"https:\/\/tvbrazilusa.com\/pt\/wp-json\/wp\/v2\/users\/1"}],"replies":[{"embeddable":true,"href":"https:\/\/tvbrazilusa.com\/pt\/wp-json\/wp\/v2\/comments?post=105088"}],"version-history":[{"count":1,"href":"https:\/\/tvbrazilusa.com\/pt\/wp-json\/wp\/v2\/posts\/105088\/revisions"}],"predecessor-version":[{"id":105090,"href":"https:\/\/tvbrazilusa.com\/pt\/wp-json\/wp\/v2\/posts\/105088\/revisions\/105090"}],"wp:featuredmedia":[{"embeddable":true,"href":"https:\/\/tvbrazilusa.com\/pt\/wp-json\/wp\/v2\/media\/105089"}],"wp:attachment":[{"href":"https:\/\/tvbrazilusa.com\/pt\/wp-json\/wp\/v2\/media?parent=105088"}],"wp:term":[{"taxonomy":"category","embeddable":true,"href":"https:\/\/tvbrazilusa.com\/pt\/wp-json\/wp\/v2\/categories?post=105088"},{"taxonomy":"post_tag","embeddable":true,"href":"https:\/\/tvbrazilusa.com\/pt\/wp-json\/wp\/v2\/tags?post=105088"}],"curies":[{"name":"wp","href":"https:\/\/api.w.org\/{rel}","templated":true}]}}