{"id":105091,"date":"2025-02-21T13:28:47","date_gmt":"2025-02-21T13:28:47","guid":{"rendered":"https:\/\/tvbrazilusa.com\/2025\/02\/21\/depois-de-30-anos-de-trabalho-reporter-e-demitida-da-globo-nao-vou-morrer\/"},"modified":"2025-02-21T13:28:48","modified_gmt":"2025-02-21T13:28:48","slug":"depois-de-30-anos-de-trabalho-reporter-e-demitida-da-globo-nao-vou-morrer","status":"publish","type":"post","link":"https:\/\/tvbrazilusa.com\/pt\/2025\/02\/21\/depois-de-30-anos-de-trabalho-reporter-e-demitida-da-globo-nao-vou-morrer\/","title":{"rendered":"Depois de 30 anos de trabalho, rep\u00f3rter \u00e9 demitida da Globo: &#8216;N\u00e3o vou morrer&#8217;"},"content":{"rendered":"<p> <script async src=\"https:\/\/pagead2.googlesyndication.com\/pagead\/js\/adsbygoogle.js?client=ca-pub-8864793242727901\"\r\n     crossorigin=\"anonymous\"><\/script><br \/>\n<\/p>\n<div id=\"taboola-read-more\" style=\"display:block; width:100%\">\n<p>Demitida \u00e0s v\u00e9speras do Natal de 2024, depois de tr\u00eas d\u00e9cadas na Rede Globo, por meio da afiliada no Paran\u00e1, a RPC, a jornalista Ana Zimmermann contou, em entrevista ao Toca Podcast, o fim do relacionamento com o grupo de comunica\u00e7\u00e3o.\n<\/p>\n<p>No programa, com mais de uma hora de dura\u00e7\u00e3o, a jornalista explicou como foi o momento de crise com a empresa. \u201cO que eu fiz de errado? O que que eu vou fazer da vida? S\u00e3o as duas coisas que voc\u00ea pensa na mesma hora\u201d, lembrou. \u201cA explica\u00e7\u00e3o para mim foi que houve uma falta de sintonia, mas eu sa\u00ed com a consci\u00eancia supertranquila\u201d.<\/p>\n<p>Globo tamb\u00e9m demitiu marido<br \/>A jornalista disse ter pressentido que o desligamento poderia acontecer. \u201cN\u00e3o vou morrer, n\u00e3o vai acabar. Foi bem mais f\u00e1cil de absorver j\u00e1 tendo pensado nisso antes.\u201d Ana j\u00e1 tinha experi\u00eancia com esse tipo de problema. Afinal, viu de perto o drama do desemprego em casa quando o marido, o locutor esportivo Gil Rocha, foi dispensado pela mesma empresa. \u201cEle ficou um pouco abalado, em p\u00e2nico no come\u00e7o\u201d.\n<\/p>\n<p>Ana disse que Rocha passou um tempo sem fazer nenhuma atividade. Vivendo apenas com o dinheiro da aposentadoria, enquanto ela bancava as despesas da casa. \u201cSem nenhum dem\u00e9rito. Ele se dedicou muito aos filhos e passou a adorar a fun\u00e7\u00e3o de pai\u201d, descreveu.\n<\/p>\n<p>No meio da pandemia, conforme a ex-rep\u00f3rter da Globo, Gil Rocha aceitou o convite para trabalhar na r\u00e1dio CBN de Curitiba, que tamb\u00e9m \u00e9 uma concess\u00e3o do governo ao Grupo Globo. \u201cEle adorou. Ele se realizou. Foi muito bom.\u201d\n<\/p>\n<p>A experi\u00eancia, no entanto, n\u00e3o durou muito. Em junho de 2023, o apresentador morreu, em consequ\u00eancia de um procedimento cir\u00fargico decorrente de um tratamento de infarto. O marido tinha 63 anos e deixou tr\u00eas filhos, sendo os dois mais novos da uni\u00e3o com Ana.\n<\/p>\n<p>A rep\u00f3rter e o gesto obsceno \u00e0s v\u00e9speras da elei\u00e7\u00e3o<br \/>Passados o luto do marido e as dores da demiss\u00e3o, a rep\u00f3rter, que costumava aparecer em importantes transmiss\u00f5es esportivas com alcance nacional, aproveitou o clima festivo de fim de ano para curtir a fam\u00edlia e os amigos em um per\u00edodo na praia. Ela carrega no hist\u00f3rico, contudo, a acusa\u00e7\u00e3o de ter feito, em setembro de 2022, durante uma reportagem, gestos obscenos a apoiadores de Jair Bolsonaro (PL).\n<\/p>\n<p>Recentemente, Ana Zimmerman anunciou uma nova atividade: a cria\u00e7\u00e3o de conte\u00fado com o projeto Lado Bom, pelo qual ela tenta oferecer ao p\u00fablico um olhar otimista sobre os altos e baixos da vida.\u00a0\n<\/p>\n<p>\u00a0<\/p>\n<p>Em v\u00eddeos, Ana compartilha impress\u00f5es com os seus seguidores de redes sociais. Conforme a comunicadora, o desafio a faz viver uma esp\u00e9cie de \u201conda Poliana\u201d, em refer\u00eancia \u00e0 personagem liter\u00e1ria famosa pela resili\u00eancia e pela do\u00e7ura.<\/p>\n<p>Fonte: Revista Oeste              <\/p>\n<\/div>\n<p><br \/>\n<br \/><a href=\"https:\/\/diariodobrasilnoticias.com.br\/noticia\/depois-de-30-anos-de-trabalho-reporter-e-demitida-da-globo-nao-vou-morrer-67b86e1bcb00c\">Source link <\/a><\/p>","protected":false},"excerpt":{"rendered":"<p>Demitida \u00e0s v\u00e9speras do Natal de 2024, depois de tr\u00eas d\u00e9cadas na Rede Globo, por meio da afiliada no Paran\u00e1, a RPC, a jornalista Ana Zimmermann contou, em entrevista ao&hellip;<\/p>","protected":false},"author":1,"featured_media":105092,"comment_status":"closed","ping_status":"open","sticky":false,"template":"","format":"standard","meta":{"content-type":"","footnotes":""},"categories":[16],"tags":[123,2448,5313,1267],"class_list":["post-105091","post","type-post","status-publish","format-standard","has-post-thumbnail","hentry","category-noticias","tag-brasil","tag-diario","tag-noticia","tag-noticias"],"_links":{"self":[{"href":"https:\/\/tvbrazilusa.com\/pt\/wp-json\/wp\/v2\/posts\/105091","targetHints":{"allow":["GET"]}}],"collection":[{"href":"https:\/\/tvbrazilusa.com\/pt\/wp-json\/wp\/v2\/posts"}],"about":[{"href":"https:\/\/tvbrazilusa.com\/pt\/wp-json\/wp\/v2\/types\/post"}],"author":[{"embeddable":true,"href":"https:\/\/tvbrazilusa.com\/pt\/wp-json\/wp\/v2\/users\/1"}],"replies":[{"embeddable":true,"href":"https:\/\/tvbrazilusa.com\/pt\/wp-json\/wp\/v2\/comments?post=105091"}],"version-history":[{"count":1,"href":"https:\/\/tvbrazilusa.com\/pt\/wp-json\/wp\/v2\/posts\/105091\/revisions"}],"predecessor-version":[{"id":105093,"href":"https:\/\/tvbrazilusa.com\/pt\/wp-json\/wp\/v2\/posts\/105091\/revisions\/105093"}],"wp:featuredmedia":[{"embeddable":true,"href":"https:\/\/tvbrazilusa.com\/pt\/wp-json\/wp\/v2\/media\/105092"}],"wp:attachment":[{"href":"https:\/\/tvbrazilusa.com\/pt\/wp-json\/wp\/v2\/media?parent=105091"}],"wp:term":[{"taxonomy":"category","embeddable":true,"href":"https:\/\/tvbrazilusa.com\/pt\/wp-json\/wp\/v2\/categories?post=105091"},{"taxonomy":"post_tag","embeddable":true,"href":"https:\/\/tvbrazilusa.com\/pt\/wp-json\/wp\/v2\/tags?post=105091"}],"curies":[{"name":"wp","href":"https:\/\/api.w.org\/{rel}","templated":true}]}}