{"id":105094,"date":"2025-02-21T13:41:31","date_gmt":"2025-02-21T13:41:31","guid":{"rendered":"https:\/\/tvbrazilusa.com\/2025\/02\/21\/veja-video-do-momento-em-que-elon-musk-e-ovacionado-no-cpac-e-recebe-motosserra-de-milei\/"},"modified":"2025-02-21T13:41:33","modified_gmt":"2025-02-21T13:41:33","slug":"veja-video-do-momento-em-que-elon-musk-e-ovacionado-no-cpac-e-recebe-motosserra-de-milei","status":"publish","type":"post","link":"https:\/\/tvbrazilusa.com\/pt\/2025\/02\/21\/veja-video-do-momento-em-que-elon-musk-e-ovacionado-no-cpac-e-recebe-motosserra-de-milei\/","title":{"rendered":"Veja v\u00eddeo do momento em que Elon Musk \u00e9 ovacionado no CPAC e recebe motosserra de Milei"},"content":{"rendered":"<p> <script async src=\"https:\/\/pagead2.googlesyndication.com\/pagead\/js\/adsbygoogle.js?client=ca-pub-8864793242727901\"\r\n     crossorigin=\"anonymous\"><\/script><br \/>\n<\/p>\n<div id=\"taboola-read-more\" style=\"display:block; width:100%\">\n<p>Durante o CPAC, evento conservador que acontece nos Estados Unidos, o presidente da Argentina, Javier Milei, entregou a Elon Musk, uma motosserra. O equipamento \u00e9 utilizado pelo argentino como alus\u00e3o ao corte de gastos p\u00fablicos.\n<\/p>\n<p>ASSISTA:<\/p>\n<p>Fonte: Pleno News              <\/p>\n<\/div>\n<p><br \/>\n<br \/><a href=\"https:\/\/diariodobrasilnoticias.com.br\/noticia\/veja-video-do-momento-em-que-elon-musk-e-ovacionado-no-cpac-e-recebe-motosserra-de-milei-67b86d7359968\">Source link <\/a><\/p>","protected":false},"excerpt":{"rendered":"<p>Durante o CPAC, evento conservador que acontece nos Estados Unidos, o presidente da Argentina, Javier Milei, entregou a Elon Musk, uma motosserra. O equipamento \u00e9 utilizado pelo argentino como alus\u00e3o&hellip;<\/p>","protected":false},"author":1,"featured_media":105095,"comment_status":"closed","ping_status":"open","sticky":false,"template":"","format":"standard","meta":{"content-type":"","footnotes":""},"categories":[16],"tags":[123,2448,5313,1267],"class_list":["post-105094","post","type-post","status-publish","format-standard","has-post-thumbnail","hentry","category-noticias","tag-brasil","tag-diario","tag-noticia","tag-noticias"],"_links":{"self":[{"href":"https:\/\/tvbrazilusa.com\/pt\/wp-json\/wp\/v2\/posts\/105094","targetHints":{"allow":["GET"]}}],"collection":[{"href":"https:\/\/tvbrazilusa.com\/pt\/wp-json\/wp\/v2\/posts"}],"about":[{"href":"https:\/\/tvbrazilusa.com\/pt\/wp-json\/wp\/v2\/types\/post"}],"author":[{"embeddable":true,"href":"https:\/\/tvbrazilusa.com\/pt\/wp-json\/wp\/v2\/users\/1"}],"replies":[{"embeddable":true,"href":"https:\/\/tvbrazilusa.com\/pt\/wp-json\/wp\/v2\/comments?post=105094"}],"version-history":[{"count":1,"href":"https:\/\/tvbrazilusa.com\/pt\/wp-json\/wp\/v2\/posts\/105094\/revisions"}],"predecessor-version":[{"id":105096,"href":"https:\/\/tvbrazilusa.com\/pt\/wp-json\/wp\/v2\/posts\/105094\/revisions\/105096"}],"wp:featuredmedia":[{"embeddable":true,"href":"https:\/\/tvbrazilusa.com\/pt\/wp-json\/wp\/v2\/media\/105095"}],"wp:attachment":[{"href":"https:\/\/tvbrazilusa.com\/pt\/wp-json\/wp\/v2\/media?parent=105094"}],"wp:term":[{"taxonomy":"category","embeddable":true,"href":"https:\/\/tvbrazilusa.com\/pt\/wp-json\/wp\/v2\/categories?post=105094"},{"taxonomy":"post_tag","embeddable":true,"href":"https:\/\/tvbrazilusa.com\/pt\/wp-json\/wp\/v2\/tags?post=105094"}],"curies":[{"name":"wp","href":"https:\/\/api.w.org\/{rel}","templated":true}]}}