{"id":105106,"date":"2025-02-21T14:23:35","date_gmt":"2025-02-21T14:23:35","guid":{"rendered":"https:\/\/tvbrazilusa.com\/2025\/02\/21\/fundador-da-rumble-processa-moraes-nos-eua-e-promete-defender-liberdade-de-expressao-no-brasil\/"},"modified":"2025-02-21T14:23:36","modified_gmt":"2025-02-21T14:23:36","slug":"fundador-da-rumble-processa-moraes-nos-eua-e-promete-defender-liberdade-de-expressao-no-brasil","status":"publish","type":"post","link":"https:\/\/tvbrazilusa.com\/pt\/2025\/02\/21\/fundador-da-rumble-processa-moraes-nos-eua-e-promete-defender-liberdade-de-expressao-no-brasil\/","title":{"rendered":"Fundador da Rumble processa Moraes nos EUA e promete defender liberdade de express\u00e3o no Brasil"},"content":{"rendered":"<p> <script async src=\"https:\/\/pagead2.googlesyndication.com\/pagead\/js\/adsbygoogle.js?client=ca-pub-8864793242727901\"\r\n     crossorigin=\"anonymous\"><\/script><br \/>\n<\/p>\n<p>O fundador da Rumble, Chris Pavlovski, afirmou que \u201cningu\u00e9m lutar\u00e1 mais\u201d do que ele pelos direitos \u00e0 liberdade de express\u00e3o dos brasileiros.\n<\/p>\n<div id=\"conex-711659722\">A declara\u00e7\u00e3o ocorre ap\u00f3s a plataforma e a Trump Media &#038; Technology Group, empresa do presidente dos Estados Unidos, Donald Trump (Republicano), entrarem com uma a\u00e7\u00e3o conjunta contra o ministro Alexandre de Moraes, do STF, acusando-o de censura ilegal contra a direita nas redes sociais.<\/p>\n<p>Em nota, Pavlovski disse que, apesar de n\u00e3o ser brasileiro, est\u00e1 comprometido com a defesa da liberdade de express\u00e3o no pa\u00eds. \u201cEu posso n\u00e3o ser brasileiro, mas prometo que ningu\u00e9m lutar\u00e1 mais pelos seus direitos \u00e0 liberdade de express\u00e3o do que eu\u201d, escreveu. Ele tamb\u00e9m falou que \u201clutar\u00e1 at\u00e9 o fim, incansavelmente\u201d, sem \u201cjamais recuar\u201d.\n<\/p>\n<p>A Rumble voltou a operar no Brasil no in\u00edcio de fevereiro, ap\u00f3s ter sido retirada do ar no pa\u00eds em dezembro de 2024. Desde ent\u00e3o, a plataforma tem sido alvo de decis\u00f5es judiciais do STF, incluindo a exig\u00eancia de um representante legal no Brasil.<\/p>\n<\/div>\n<p><br \/>\n<br \/><a href=\"https:\/\/diariodobrasilnoticias.com.br\/noticia\/fundador-da-rumble-processa-moraes-nos-eua-e-promete-defender-liberdade-de-expressao-no-brasil-67b886d1cd241\">Source link <\/a><\/p>","protected":false},"excerpt":{"rendered":"<p>O fundador da Rumble, Chris Pavlovski, afirmou que \u201cningu\u00e9m lutar\u00e1 mais\u201d do que ele pelos direitos \u00e0 liberdade de express\u00e3o dos brasileiros. A declara\u00e7\u00e3o ocorre ap\u00f3s a plataforma e a&hellip;<\/p>","protected":false},"author":1,"featured_media":105107,"comment_status":"closed","ping_status":"open","sticky":false,"template":"","format":"standard","meta":{"content-type":"","footnotes":""},"categories":[16],"tags":[123,2448,5313,1267],"class_list":["post-105106","post","type-post","status-publish","format-standard","has-post-thumbnail","hentry","category-noticias","tag-brasil","tag-diario","tag-noticia","tag-noticias"],"_links":{"self":[{"href":"https:\/\/tvbrazilusa.com\/pt\/wp-json\/wp\/v2\/posts\/105106","targetHints":{"allow":["GET"]}}],"collection":[{"href":"https:\/\/tvbrazilusa.com\/pt\/wp-json\/wp\/v2\/posts"}],"about":[{"href":"https:\/\/tvbrazilusa.com\/pt\/wp-json\/wp\/v2\/types\/post"}],"author":[{"embeddable":true,"href":"https:\/\/tvbrazilusa.com\/pt\/wp-json\/wp\/v2\/users\/1"}],"replies":[{"embeddable":true,"href":"https:\/\/tvbrazilusa.com\/pt\/wp-json\/wp\/v2\/comments?post=105106"}],"version-history":[{"count":1,"href":"https:\/\/tvbrazilusa.com\/pt\/wp-json\/wp\/v2\/posts\/105106\/revisions"}],"predecessor-version":[{"id":105108,"href":"https:\/\/tvbrazilusa.com\/pt\/wp-json\/wp\/v2\/posts\/105106\/revisions\/105108"}],"wp:featuredmedia":[{"embeddable":true,"href":"https:\/\/tvbrazilusa.com\/pt\/wp-json\/wp\/v2\/media\/105107"}],"wp:attachment":[{"href":"https:\/\/tvbrazilusa.com\/pt\/wp-json\/wp\/v2\/media?parent=105106"}],"wp:term":[{"taxonomy":"category","embeddable":true,"href":"https:\/\/tvbrazilusa.com\/pt\/wp-json\/wp\/v2\/categories?post=105106"},{"taxonomy":"post_tag","embeddable":true,"href":"https:\/\/tvbrazilusa.com\/pt\/wp-json\/wp\/v2\/tags?post=105106"}],"curies":[{"name":"wp","href":"https:\/\/api.w.org\/{rel}","templated":true}]}}