{"id":105109,"date":"2025-02-21T14:39:14","date_gmt":"2025-02-21T14:39:14","guid":{"rendered":"https:\/\/tvbrazilusa.com\/2025\/02\/21\/aliados-de-bolsonaro-acusam-tortura-e-coacao-em-videos-da-audiencia-de-cid-com-moraes\/"},"modified":"2025-02-21T14:39:19","modified_gmt":"2025-02-21T14:39:19","slug":"aliados-de-bolsonaro-acusam-tortura-e-coacao-em-videos-da-audiencia-de-cid-com-moraes","status":"publish","type":"post","link":"https:\/\/tvbrazilusa.com\/pt\/2025\/02\/21\/aliados-de-bolsonaro-acusam-tortura-e-coacao-em-videos-da-audiencia-de-cid-com-moraes\/","title":{"rendered":"Aliados de Bolsonaro acusam tortura e coa\u00e7\u00e3o em v\u00eddeos da audi\u00eancia de Cid com Moraes"},"content":{"rendered":"<p> <script async src=\"https:\/\/pagead2.googlesyndication.com\/pagead\/js\/adsbygoogle.js?client=ca-pub-8864793242727901\"\r\n     crossorigin=\"anonymous\"><\/script><br \/>\n<\/p>\n<div id=\"taboola-read-more\" style=\"display:block; width:100%\">\n<p>Aliados do ex-presidente Jair Bolsonaro acusam Alexandre de Moraes, ministro do Supremo Tribunal Federal (STF), de ter empregado m\u00e9todos de tortura e coa\u00e7\u00e3o na audi\u00eancia com o tenente-coronel Mauro Cid.\n<\/p>\n<p>O v\u00eddeo do depoimento se tornou p\u00fablico nesta quinta-feira, 20. Moraes retirou o sigilo do acordo de dela\u00e7\u00e3o premiada do militar. A medida ocorreu logo depois que a Procuradoria-Geral da Rep\u00fablica (PGR) formalizou den\u00fancia sobre a suposta trama \u201cgolpista\u201d.<\/p>\n<p>Mauro Cid mudou vers\u00e3o depois de ser amea\u00e7ado por ministro, diz Fl\u00e1vio Bolsonaro<br \/>Fl\u00e1vio Bolsonaro (PL-RJ) declarou que Cid alterou sua vers\u00e3o no exato momento em que foi amea\u00e7ado de pris\u00e3o pelo ministro.\n<\/p>\n<p>\u201cIsso \u00e9 pr\u00e1tica de tortura\u201d, afirmou o senador. \u201cPrenderam, deixaram ele sem ver as filhas e a esposa, amea\u00e7aram prender familiares. Cid ainda teve a carreira arrebentada. Nesse cen\u00e1rio, a pessoa inventa at\u00e9 o que n\u00e3o viu para tentar se livrar.\u201d\n<\/p>\n<p>O deputado S\u00f3stenes Cavalcante (PL-RJ), l\u00edder da oposi\u00e7\u00e3o na C\u00e2mara, usou o termo \u201ccoa\u00e7\u00e3o premiada\u201d para descrever a situa\u00e7\u00e3o. Em sua vis\u00e3o, amea\u00e7ar de pris\u00e3o tanto o investigado quanto sua fam\u00edlia configura tortura.\n<\/p>\n<p>\u201cN\u00e3o \u00e9 dela\u00e7\u00e3o premiada, \u00e9 coa\u00e7\u00e3o premiada\u201d, destacou o parlamentar. \u201cAmea\u00e7ar de voltar a prender o cara, a mulher do cara, a filha maior do cara e o pai do cara, o que que \u00e9 isso? Tortura.\u201d\n<\/p>\n<p>A divulga\u00e7\u00e3o do acordo revelou que Cid modificou aspectos fundamentais de seu depoimento no momento em que Moraes cogitou revogar a colabora\u00e7\u00e3o. Al\u00e9m disso, o ministro amea\u00e7ou decretar sua pris\u00e3o e aprofundar as investiga\u00e7\u00f5es sobre sua fam\u00edlia.\n<\/p>\n<p>Nikolas Ferreira cobra resposta do Senado em rela\u00e7\u00e3o a Alexandre de Moraes<br \/>O deputado Nikolas Ferreira (PL-MG) criticou a postura do magistrado e cobrou uma resposta do Senado.\n<\/p>\n<p>\u201cMoraes amea\u00e7ou e intimidou a testemunha para, no m\u00ednimo, mudar o depoimento de acordo com seus interesses\u201d, disse Ferreira. \u201cO Brasil virou v\u00e1rzea. Onde est\u00e1 o Senado?\u201d\n<\/p>\n<p>Marcel Van Hattem (Novo-RS) tamb\u00e9m se posicionou contra a postura do ministro. \u201cE esta amea\u00e7a do Alexandre de Moraes ao Cid?\u201d, questionou o deputado. \u201cIsso n\u00e3o \u00e9 tortura? Amea\u00e7ar a ele e \u00e0 sua fam\u00edlia, pai, esposa e filha \u00e9 o qu\u00ea? N\u00e3o \u00e9 o famoso pau de arara do s\u00e9culo XI? \u00c9 muito revoltante!\u201d\n<\/p>\n<p>O ex-deputado e ex-procurador da Lava Jato Deltan Dallagnol utilizou suas redes sociais para criticar a condu\u00e7\u00e3o da audi\u00eancia e ironizar ministros do STF.\n<\/p>\n<p>\u201cMinistro Gilmar Mendes, seria esse um exemplo de \u2018tortura\u2019 e de pessoas \u2018que s\u00f3 eram soltas depois de fazer acordo\u2019?\u201d, escreveu Dallagnol. \u201cMinistro Dias Toffoli, seria esse um exemplo do \u2018pau de arara do s\u00e9culo XXI\u2019? Garantistas de ocasi\u00e3o, prerrogativistas e defensores do direito de defesa apenas para os amigos t\u00eam algo a dizer?\u201d\n<\/p>\n<p>Dallagnol relembrou falas dos ministros proferidas em 2023, quando condenaram pr\u00e1ticas da Lava Jato por supostos abusos. Na ocasi\u00e3o, Gilmar Mendes declarou que investigados s\u00f3 eram libertados depois de confessarem e assinarem acordos.\n<\/p>\n<p>Ele classificou o m\u00e9todo como tortura. No mesmo ano, Toffoli afirmou que membros da for\u00e7a-tarefa da opera\u00e7\u00e3o recorreram \u00e0 \u201cuma verdadeira tortura psicol\u00f3gica, um pau de arara do s\u00e9culo 21, para obter \u2018provas\u2019 contra inocentes\u201d. O ex-procurador comparou essas cr\u00edticas com a postura atual dos ministros no caso de Mauro Cid.<\/p>\n<p>Fonte: Revista Oeste              <\/p>\n<\/div>\n<p><br \/>\n<br \/><a href=\"https:\/\/diariodobrasilnoticias.com.br\/noticia\/aliados-de-bolsonaro-acusam-tortura-e-coacao-em-videos-da-audiencia-de-cid-com-moraes-67b88e7ca8e09\">Source link <\/a><\/p>","protected":false},"excerpt":{"rendered":"<p>Aliados do ex-presidente Jair Bolsonaro acusam Alexandre de Moraes, ministro do Supremo Tribunal Federal (STF), de ter empregado m\u00e9todos de tortura e coa\u00e7\u00e3o na audi\u00eancia com o tenente-coronel Mauro Cid.&hellip;<\/p>","protected":false},"author":1,"featured_media":105110,"comment_status":"closed","ping_status":"open","sticky":false,"template":"","format":"standard","meta":{"content-type":"","footnotes":""},"categories":[16],"tags":[123,2448,5313,1267],"class_list":["post-105109","post","type-post","status-publish","format-standard","has-post-thumbnail","hentry","category-noticias","tag-brasil","tag-diario","tag-noticia","tag-noticias"],"_links":{"self":[{"href":"https:\/\/tvbrazilusa.com\/pt\/wp-json\/wp\/v2\/posts\/105109","targetHints":{"allow":["GET"]}}],"collection":[{"href":"https:\/\/tvbrazilusa.com\/pt\/wp-json\/wp\/v2\/posts"}],"about":[{"href":"https:\/\/tvbrazilusa.com\/pt\/wp-json\/wp\/v2\/types\/post"}],"author":[{"embeddable":true,"href":"https:\/\/tvbrazilusa.com\/pt\/wp-json\/wp\/v2\/users\/1"}],"replies":[{"embeddable":true,"href":"https:\/\/tvbrazilusa.com\/pt\/wp-json\/wp\/v2\/comments?post=105109"}],"version-history":[{"count":1,"href":"https:\/\/tvbrazilusa.com\/pt\/wp-json\/wp\/v2\/posts\/105109\/revisions"}],"predecessor-version":[{"id":105111,"href":"https:\/\/tvbrazilusa.com\/pt\/wp-json\/wp\/v2\/posts\/105109\/revisions\/105111"}],"wp:featuredmedia":[{"embeddable":true,"href":"https:\/\/tvbrazilusa.com\/pt\/wp-json\/wp\/v2\/media\/105110"}],"wp:attachment":[{"href":"https:\/\/tvbrazilusa.com\/pt\/wp-json\/wp\/v2\/media?parent=105109"}],"wp:term":[{"taxonomy":"category","embeddable":true,"href":"https:\/\/tvbrazilusa.com\/pt\/wp-json\/wp\/v2\/categories?post=105109"},{"taxonomy":"post_tag","embeddable":true,"href":"https:\/\/tvbrazilusa.com\/pt\/wp-json\/wp\/v2\/tags?post=105109"}],"curies":[{"name":"wp","href":"https:\/\/api.w.org\/{rel}","templated":true}]}}