{"id":105112,"date":"2025-02-21T14:34:17","date_gmt":"2025-02-21T14:34:17","guid":{"rendered":"https:\/\/tvbrazilusa.com\/2025\/02\/21\/a-florida-processa-alvo-sobre-a-perda-de-acoes-da-campanha-pride-jacksonville-hoje\/"},"modified":"2025-02-21T14:42:56","modified_gmt":"2025-02-21T14:42:56","slug":"a-florida-processa-alvo-sobre-a-perda-de-acoes-da-campanha-pride-jacksonville-hoje","status":"publish","type":"post","link":"https:\/\/tvbrazilusa.com\/pt\/2025\/02\/21\/a-florida-processa-alvo-sobre-a-perda-de-acoes-da-campanha-pride-jacksonville-hoje\/","title":{"rendered":"A Fl\u00f3rida processa alvo sobre a perda de a\u00e7\u00f5es da Campanha Pride | Jacksonville hoje"},"content":{"rendered":"<p> <script async src=\"https:\/\/pagead2.googlesyndication.com\/pagead\/js\/adsbygoogle.js?client=ca-pub-8864793242727901\"\r\n     crossorigin=\"anonymous\"><\/script><br \/>\n<\/p>\n<div>\n<p>Tr\u00eas dias depois de seu trabalho, o procurador-geral da Fl\u00f3rida, James Uthmeier, anunciou na quinta-feira um processo de a\u00e7\u00e3o coletiva que alega que a Target Corp. n\u00e3o divulgou adequadamente a investidores os riscos de uma campanha de Pride LGBTQ de 2023 que atraiu uma rea\u00e7\u00e3o ao consumidor e causou uma queda no varejista&#8217;s Pre\u00e7o das a\u00e7\u00f5es.<\/p>\n<p>Uthmeier e advogados particulares entraram com o processo de 163 p\u00e1ginas no Tribunal Federal de Fort Myers em nome do Conselho Estadual de Administra\u00e7\u00e3o, que gerencia o enorme fundo de pens\u00e3o da Fl\u00f3rida e outros investimentos. O processo \u00e9 um dos pelo menos tr\u00eas casos semelhantes contra a Target na Fl\u00f3rida.<\/p>\n<p>O processo alega que a Target fez declara\u00e7\u00f5es falsas e enganosas sobre &#8220;ambiental, social e governan\u00e7a&#8221; e &#8220;diversidade, equidade e inclus\u00e3o&#8221;, que levaram \u00e0 campanha do orgulho de maio de 2023.<\/p>\n<p>&#8220;A campanha provocou imensa rea\u00e7\u00e3o e boicotes do consumidor que fizeram com que as vendas da Target ca\u00edssem pela primeira vez em seis anos e eliminaram mais de US $ 25 bilh\u00f5es em capitaliza\u00e7\u00e3o de mercado da Target &#8211; liderando as a\u00e7\u00f5es da Target para experimentar sua maior s\u00e9rie de derrotas em 23 anos&#8221;, afirmou o processo .<\/p>\n<p>Uthmeier assumiu a segunda -feira como procurador -geral depois de servir como chefe de gabinete do governador Ron DeSantis. DeSantis nomeou Uthmeier para substituir o ex -procurador -geral Ashley Moody, que se tornou senador dos EUA no m\u00eas passado.<\/p>\n<p>O processo nomeia como alvo dos r\u00e9us, o diretor executivo Brian Cornell e os membros do conselho de administra\u00e7\u00e3o da empresa. Alega viola\u00e7\u00f5es de uma lei conhecida como Lei de Exiss\u00e3o de Valores Mobili\u00e1rios de 1934.<\/p>\n<p>&#8220;O CEO da Target, Brian Cornell, e seu Conselho de Administra\u00e7\u00e3o n\u00e3o supervisionaram ou divulgaram os riscos \u00f3bvios da campanha de pris\u00e3o de 2023 LGBT da Target e das iniciativas ESG\/DEI que avan\u00e7ou, mas disseram aos investidores que fizeram&#8221;, disse o processo. \u201cAo fazer isso, eles enganaram os investidores -alvo quanto \u00e0 verdadeira natureza dos riscos de seus investimentos e os levaram a apoiar, sem saber, o conselho e a administra\u00e7\u00e3o da Target em seu uso indevido de fundos de investidores para servir seus objetivos pol\u00edticos e sociais divisivos &#8211; e, finalmente, custam aos investidores bilh\u00f5es de bilh\u00f5es . \u201d<\/p>\n<p>Em um registro judicial de janeiro de 2024 em um dos outros casos da Fl\u00f3rida, a Target contestou essas alega\u00e7\u00f5es, dizendo que &#8220;alertou repetidamente os investidores sobre o risco&#8221; de boicotes ao consumidor por causa de suas iniciativas, incluindo a campanha do Pride 2023.<\/p>\n<p>O arquivamento -alvo disse que os demandantes nesse caso estavam descontentes com o &#8220;julgamento comercial da Target sobre merchandising. Mas discordar do julgamento comercial da Target n\u00e3o d\u00e1 origem a uma reivindica\u00e7\u00e3o acion\u00e1vel de acordo com as leis de valores mobili\u00e1rios. \u201d<\/p>\n<p>O novo processo movido em nome do Conselho Estadual de Administra\u00e7\u00e3o procura incluir uma classe de todas as pessoas que compraram a\u00e7\u00f5es -alvo de 9 de mar\u00e7o de 2022 a 16 de agosto de 2023. Disse que a classe provavelmente incluiria \u201cpelo menos centenas de milhares de membros.<\/p>\n<p>O per\u00edodo da aula foi escolhido porque a Target emitiu um relat\u00f3rio anual de 2021 em 9 de mar\u00e7o de 2022 e registrou os ganhos trimestrais em 16 de agosto de 2023, que inclu\u00edram o per\u00edodo da campanha do Pride.<\/p>\n<p>O processo disse que o Conselho Estadual de Administra\u00e7\u00e3o detinha 787.694 a\u00e7\u00f5es -alvo em 8 de mar\u00e7o de 2022 e continuou comprando a\u00e7\u00f5es depois disso. Ele tamb\u00e9m disse que a Target tinha um pre\u00e7o das a\u00e7\u00f5es de US $ 160,96 em 17 de maio de 2023 &#8211; como ocorreu a rea\u00e7\u00e3o &#8211; antes de cair para uma baixa de US $ 105,01 por a\u00e7\u00e3o em 6 de outubro de 2023. O pre\u00e7o foi fechado em US $ 128,13 na quinta -feira.<\/p>\n<p>Uthmeier juntou -se ao processo de advogados do Grupo America First Legal e das empresas Boyden Gray PLLC e Lawson Huck Gonzalez, PLLC.<\/p>\n<p>&#8220;As empresas que empurram a ideologia radical de esquerda \u00e0s custas dos retornos financeiros comprometem a seguran\u00e7a da aposentadoria dos socorristas e professores da Fl\u00f3rida&#8221;, disse Uthmeier em comunicado preparado. &#8220;Meu escrit\u00f3rio perseguir\u00e1 rid\u00edculo a reforma corporativa, para que as empresas voltem aos neg\u00f3cios de fazer neg\u00f3cios &#8211; n\u00e3o o teatro pol\u00edtico ofensivo&#8221;.<\/p>\n<\/div>\n<p><br \/>\n<br \/><a href=\"https:\/\/jaxtoday.org\/2025\/02\/21\/target-lawsuit-florida\/\">Source link <\/a><\/p>","protected":false},"excerpt":{"rendered":"<p>Tr\u00eas dias depois de seu trabalho, o procurador-geral da Fl\u00f3rida, James Uthmeier, anunciou na quinta-feira um processo de a\u00e7\u00e3o coletiva que alega que a Target Corp. n\u00e3o divulgou adequadamente a&hellip;<\/p>","protected":false},"author":1,"featured_media":105113,"comment_status":"closed","ping_status":"open","sticky":false,"template":"","format":"standard","meta":{"content-type":"","footnotes":""},"categories":[1],"tags":[],"class_list":["post-105112","post","type-post","status-publish","format-standard","has-post-thumbnail","hentry","category-uncategorized"],"_links":{"self":[{"href":"https:\/\/tvbrazilusa.com\/pt\/wp-json\/wp\/v2\/posts\/105112","targetHints":{"allow":["GET"]}}],"collection":[{"href":"https:\/\/tvbrazilusa.com\/pt\/wp-json\/wp\/v2\/posts"}],"about":[{"href":"https:\/\/tvbrazilusa.com\/pt\/wp-json\/wp\/v2\/types\/post"}],"author":[{"embeddable":true,"href":"https:\/\/tvbrazilusa.com\/pt\/wp-json\/wp\/v2\/users\/1"}],"replies":[{"embeddable":true,"href":"https:\/\/tvbrazilusa.com\/pt\/wp-json\/wp\/v2\/comments?post=105112"}],"version-history":[{"count":1,"href":"https:\/\/tvbrazilusa.com\/pt\/wp-json\/wp\/v2\/posts\/105112\/revisions"}],"predecessor-version":[{"id":105114,"href":"https:\/\/tvbrazilusa.com\/pt\/wp-json\/wp\/v2\/posts\/105112\/revisions\/105114"}],"wp:featuredmedia":[{"embeddable":true,"href":"https:\/\/tvbrazilusa.com\/pt\/wp-json\/wp\/v2\/media\/105113"}],"wp:attachment":[{"href":"https:\/\/tvbrazilusa.com\/pt\/wp-json\/wp\/v2\/media?parent=105112"}],"wp:term":[{"taxonomy":"category","embeddable":true,"href":"https:\/\/tvbrazilusa.com\/pt\/wp-json\/wp\/v2\/categories?post=105112"},{"taxonomy":"post_tag","embeddable":true,"href":"https:\/\/tvbrazilusa.com\/pt\/wp-json\/wp\/v2\/tags?post=105112"}],"curies":[{"name":"wp","href":"https:\/\/api.w.org\/{rel}","templated":true}]}}