{"id":105141,"date":"2025-02-21T16:06:24","date_gmt":"2025-02-21T16:06:24","guid":{"rendered":"https:\/\/tvbrazilusa.com\/2025\/02\/21\/vendedora-morre-apos-ser-esfaqueada-e-mae-desabafa-vazio\/"},"modified":"2025-02-21T16:06:26","modified_gmt":"2025-02-21T16:06:26","slug":"vendedora-morre-apos-ser-esfaqueada-e-mae-desabafa-vazio","status":"publish","type":"post","link":"https:\/\/tvbrazilusa.com\/pt\/2025\/02\/21\/vendedora-morre-apos-ser-esfaqueada-e-mae-desabafa-vazio\/","title":{"rendered":"Vendedora morre ap\u00f3s ser esfaqueada e m\u00e3e desabafa: &#8216;vazio&#8217;"},"content":{"rendered":"<p> <script async src=\"https:\/\/pagead2.googlesyndication.com\/pagead\/js\/adsbygoogle.js?client=ca-pub-8864793242727901\"\r\n     crossorigin=\"anonymous\"><\/script><br \/>\n<\/p>\n<div id=\"taboola-read-more\" style=\"display:block; width:100%\">\n<p>Natacha Assun\u00e7\u00e3o, uma vendedora ambulante de 27 anos, foi m0rta ap\u00f3s ser esfaquead4 em um bar na rua Pedro Ivo, no Centro de Curitiba. O ataque ocorreu na quarta-feira (19), quando ela discutia com um homem que, segundo informa\u00e7\u00f5es, tinha um hist\u00f3rico recente de pris\u00e3o. Natacha foi socorrida e levada ao Hospital Evang\u00e9lico Mackenzie, mas n\u00e3o resistiu aos ferimentos e faleceu um dia depois.<\/p>\n<p>A v\u00edtima, que era m\u00e3e de dois filhos pequenos, estava conhecida por frequentar o local com amigos para relaxar. A Divis\u00e3o de Homic\u00eddios e Prote\u00e7\u00e3o \u00e0 Pessoa (DHPP) investiga o caso, e o agress0r ainda n\u00e3o foi identificado. A m\u00e3e da jovem expressou sua indigna\u00e7\u00e3o nas redes sociais, lamentando a perda precoce.<\/p>\n<p>Fonte: ric+<\/p>\n<\/p><\/div>\n<p><br \/>\n<br \/><a href=\"https:\/\/diariodobrasilnoticias.com.br\/noticia\/vendedora-morre-apos-ser-esfaqueada-e-mae-desabafa-vazio-67b89becb201e\">Source link <\/a><\/p>","protected":false},"excerpt":{"rendered":"<p>Natacha Assun\u00e7\u00e3o, uma vendedora ambulante de 27 anos, foi m0rta ap\u00f3s ser esfaquead4 em um bar na rua Pedro Ivo, no Centro de Curitiba. O ataque ocorreu na quarta-feira (19),&hellip;<\/p>","protected":false},"author":1,"featured_media":105142,"comment_status":"closed","ping_status":"open","sticky":false,"template":"","format":"standard","meta":{"content-type":"","footnotes":""},"categories":[16],"tags":[123,2448,5313,1267],"class_list":["post-105141","post","type-post","status-publish","format-standard","has-post-thumbnail","hentry","category-noticias","tag-brasil","tag-diario","tag-noticia","tag-noticias"],"_links":{"self":[{"href":"https:\/\/tvbrazilusa.com\/pt\/wp-json\/wp\/v2\/posts\/105141","targetHints":{"allow":["GET"]}}],"collection":[{"href":"https:\/\/tvbrazilusa.com\/pt\/wp-json\/wp\/v2\/posts"}],"about":[{"href":"https:\/\/tvbrazilusa.com\/pt\/wp-json\/wp\/v2\/types\/post"}],"author":[{"embeddable":true,"href":"https:\/\/tvbrazilusa.com\/pt\/wp-json\/wp\/v2\/users\/1"}],"replies":[{"embeddable":true,"href":"https:\/\/tvbrazilusa.com\/pt\/wp-json\/wp\/v2\/comments?post=105141"}],"version-history":[{"count":1,"href":"https:\/\/tvbrazilusa.com\/pt\/wp-json\/wp\/v2\/posts\/105141\/revisions"}],"predecessor-version":[{"id":105143,"href":"https:\/\/tvbrazilusa.com\/pt\/wp-json\/wp\/v2\/posts\/105141\/revisions\/105143"}],"wp:featuredmedia":[{"embeddable":true,"href":"https:\/\/tvbrazilusa.com\/pt\/wp-json\/wp\/v2\/media\/105142"}],"wp:attachment":[{"href":"https:\/\/tvbrazilusa.com\/pt\/wp-json\/wp\/v2\/media?parent=105141"}],"wp:term":[{"taxonomy":"category","embeddable":true,"href":"https:\/\/tvbrazilusa.com\/pt\/wp-json\/wp\/v2\/categories?post=105141"},{"taxonomy":"post_tag","embeddable":true,"href":"https:\/\/tvbrazilusa.com\/pt\/wp-json\/wp\/v2\/tags?post=105141"}],"curies":[{"name":"wp","href":"https:\/\/api.w.org\/{rel}","templated":true}]}}