{"id":105195,"date":"2025-02-21T18:44:00","date_gmt":"2025-02-21T18:44:00","guid":{"rendered":"https:\/\/tvbrazilusa.com\/2025\/02\/21\/membro-de-comunidade-neonazista-adolescente-queima-morador-de-rua-no-rio\/"},"modified":"2025-02-21T18:44:02","modified_gmt":"2025-02-21T18:44:02","slug":"membro-de-comunidade-neonazista-adolescente-queima-morador-de-rua-no-rio","status":"publish","type":"post","link":"https:\/\/tvbrazilusa.com\/pt\/2025\/02\/21\/membro-de-comunidade-neonazista-adolescente-queima-morador-de-rua-no-rio\/","title":{"rendered":"Membro de comunidade neonazista, adolescente queima morador de rua no Rio"},"content":{"rendered":"<p> <script async src=\"https:\/\/pagead2.googlesyndication.com\/pagead\/js\/adsbygoogle.js?client=ca-pub-8864793242727901\"\r\n     crossorigin=\"anonymous\"><\/script><br \/>\n<\/p>\n<div>\n<figure class=\"post-image\">\n<\/figure>\n<p>            <span style=\"font-size: 12px\">Reprodu\u00e7\u00e3o\/Redes Sociais<\/span><\/p>\n<p>            <!-- end metas --><br \/>\n            <!-- ADS --><\/p>\n<div id=\"taboola-read-more\" style=\"display:block; width:100%\">\n<p>Um adolescente de 17 anos foi apreendido pela pol\u00edcia ap\u00f3s atirar dois coquet\u00e9is molotov em Ludierley Satyro Jos\u00e9, de 46 anos, um homem em situa\u00e7\u00e3o de rua que dormia em uma cal\u00e7ada no bairro do Pechincha, zona oeste do Rio. O crime foi filmado e transmitido ao vivo pelo Discord, um aplicativo de mensagens popular entre jovens, onde o jovem participava de comunidades ligadas a crimes de \u00f3dio. A fam\u00edlia do adolescente o reconheceu nas imagens e o levou \u00e0 delegacia, onde os policiais encontraram, em seu celular, arquivos de abuso sexual infantil. Ludierley sofreu queimaduras em quase todo o corpo e est\u00e1 internado em estado est\u00e1vel no Hospital Louren\u00e7o Jorge, na Barra da Tijuca.\n<\/p>\n<p>As investiga\u00e7\u00f5es revelaram que o ataque foi motivado por um desafio proposto na rede social, com o adolescente recebendo cerca de R$ 2 mil de um indiv\u00edduo n\u00e3o identificado. Ele usava o codinome \u201cEu odeio favela\u201d e participava de comunidades neonazistas. Durante a apreens\u00e3o, foram encontrados em sua casa toucas, m\u00e1scaras, luvas e uma faca, itens usados no crime. O v\u00eddeo completo, obtido pela pol\u00edcia, mostra a prepara\u00e7\u00e3o dos explosivos e os momentos anteriores ao ataque. A pol\u00edcia agora busca identificar os espectadores da transmiss\u00e3o e o c\u00famplice que filmou as imagens.<\/p>\n<p>O adolescente responder\u00e1 por tentativa de homic\u00eddio triplamente qualificado (por motivo torpe, meio cruel e sem chance de defesa \u00e0 v\u00edtima) e por armazenamento de material de abuso sexual infantil. O delegado Cristiano Maia, respons\u00e1vel pelo caso, destacou que o jovem se vangloriava do crime nas redes sociais e que 141 pessoas assistiram \u00e0 transmiss\u00e3o ao vivo do ataque.\n<\/p>\n<p>Fonte: CNN Brasil              <\/p>\n<\/div>\n<p>                        <!-- Scripts para conteudo --><\/p>\n<p>            <!-- .\/Scripts para conteudo --><br \/>\n            <!-- .\/Mat\u00e9ria --><\/p>\n<div class=\"row mt-3\">\n<div class=\"col-sm-6\">\n                <!-- Whatsapp channel 3--><br \/>\n                <a href=\"https:\/\/chat.whatsapp.com\/B8Qy6Erx4kb6yTzj3kaDco\" target=\"_blank\"><br \/>\n                  <img decoding=\"async\" src=\"https:\/\/diariodobrasilnoticias.com.br\/assets-site\/images\/bot_whatsapp.png\"\/><\/a>\n              <\/div>\n<div class=\"col-sm-6\">\n                <a href=\"https:\/\/t.me\/+_4gTmi5LKo03OTM5\" target=\"_blank\"><br \/>\n                  <img decoding=\"async\" src=\"https:\/\/diariodobrasilnoticias.com.br\/assets-site\/images\/bot_telegram.png\"\/><\/a>\n              <\/div>\n<\/p><\/div>\n<p>            <!-- end post-navigation --><\/p>\n<p>              <!-- end row --><\/p>\n<p>              <!-- end col-12-->\n                      <\/div>\n<p><br \/>\n<br \/><a href=\"https:\/\/diariodobrasilnoticias.com.br\/noticia\/membro-de-comunidade-neonazista-adolescente-queima-morador-de-rua-no-rio-67b8c57fb8289\">Source link <\/a><\/p>","protected":false},"excerpt":{"rendered":"<p>Reprodu\u00e7\u00e3o\/Redes Sociais Um adolescente de 17 anos foi apreendido pela pol\u00edcia ap\u00f3s atirar dois coquet\u00e9is molotov em Ludierley Satyro Jos\u00e9, de 46 anos, um homem em situa\u00e7\u00e3o de rua que&hellip;<\/p>","protected":false},"author":1,"featured_media":105196,"comment_status":"closed","ping_status":"open","sticky":false,"template":"","format":"standard","meta":{"content-type":"","footnotes":""},"categories":[16],"tags":[123,2448,5313,1267],"class_list":["post-105195","post","type-post","status-publish","format-standard","has-post-thumbnail","hentry","category-noticias","tag-brasil","tag-diario","tag-noticia","tag-noticias"],"_links":{"self":[{"href":"https:\/\/tvbrazilusa.com\/pt\/wp-json\/wp\/v2\/posts\/105195","targetHints":{"allow":["GET"]}}],"collection":[{"href":"https:\/\/tvbrazilusa.com\/pt\/wp-json\/wp\/v2\/posts"}],"about":[{"href":"https:\/\/tvbrazilusa.com\/pt\/wp-json\/wp\/v2\/types\/post"}],"author":[{"embeddable":true,"href":"https:\/\/tvbrazilusa.com\/pt\/wp-json\/wp\/v2\/users\/1"}],"replies":[{"embeddable":true,"href":"https:\/\/tvbrazilusa.com\/pt\/wp-json\/wp\/v2\/comments?post=105195"}],"version-history":[{"count":1,"href":"https:\/\/tvbrazilusa.com\/pt\/wp-json\/wp\/v2\/posts\/105195\/revisions"}],"predecessor-version":[{"id":105197,"href":"https:\/\/tvbrazilusa.com\/pt\/wp-json\/wp\/v2\/posts\/105195\/revisions\/105197"}],"wp:featuredmedia":[{"embeddable":true,"href":"https:\/\/tvbrazilusa.com\/pt\/wp-json\/wp\/v2\/media\/105196"}],"wp:attachment":[{"href":"https:\/\/tvbrazilusa.com\/pt\/wp-json\/wp\/v2\/media?parent=105195"}],"wp:term":[{"taxonomy":"category","embeddable":true,"href":"https:\/\/tvbrazilusa.com\/pt\/wp-json\/wp\/v2\/categories?post=105195"},{"taxonomy":"post_tag","embeddable":true,"href":"https:\/\/tvbrazilusa.com\/pt\/wp-json\/wp\/v2\/tags?post=105195"}],"curies":[{"name":"wp","href":"https:\/\/api.w.org\/{rel}","templated":true}]}}