{"id":105204,"date":"2025-02-21T18:49:59","date_gmt":"2025-02-21T18:49:59","guid":{"rendered":"https:\/\/tvbrazilusa.com\/2025\/02\/21\/jacksonville-se-lembra-dos-muitos-adultos-desaparecidos-jacksonville-hoje\/"},"modified":"2025-02-21T19:04:58","modified_gmt":"2025-02-21T19:04:58","slug":"jacksonville-se-lembra-dos-muitos-adultos-desaparecidos-jacksonville-hoje","status":"publish","type":"post","link":"https:\/\/tvbrazilusa.com\/pt\/2025\/02\/21\/jacksonville-se-lembra-dos-muitos-adultos-desaparecidos-jacksonville-hoje\/","title":{"rendered":"Jacksonville se lembra dos muitos adultos desaparecidos | Jacksonville hoje"},"content":{"rendered":"<p> <script async src=\"https:\/\/pagead2.googlesyndication.com\/pagead\/js\/adsbygoogle.js?client=ca-pub-8864793242727901\"\r\n     crossorigin=\"anonymous\"><\/script><br \/>\n<\/p>\n<div>\n<p>Muitos adultos nos EUA permanecem n\u00e3o contabilizados por seus entes queridos, e um dia designado ilumina seus casos ainda abertos.   <\/p>\n<p>A prefeita de Jacksonville, Donna Deegan, proclamou sexta -feira como o Dia de Adultos desaparecidos em Jacksonville. Ela reconheceu a \u201cprofunda dor\u201d que as fam\u00edlias de pessoas desaparecidas experimentam.   <\/p>\n<p>No nordeste da Fl\u00f3rida, as pessoas est\u00e3o se lembrando de Geanna Jones, Whitney Sanders, Rosemary Day e Paul Akridge, para citar alguns. Todos s\u00e3o da \u00e1rea de Jacksonville e est\u00e3o desaparecidos h\u00e1 anos.   <\/p>\n<p>Falando quase 24 anos no dia em que seu irm\u00e3o, John Rowan, Jr. desapareceu, Michael Rowan olhou para uma grande foto de John exibido em um cavalete.<\/p>\n<p>\u201cRecebemos atualiza\u00e7\u00f5es da pol\u00edcia, dos detetives, \u00e9 claro, mas \u00e9 um caso frio (como muitos dos casos aqui), e \u00e9 por isso que esse evento \u00e9 t\u00e3o importante para mant\u00ea -lo na mente do detetive e nas pessoas por a\u00ed que v\u00eaem Isso \u201d, ele disse.   <\/p>\n<p>Mark Degner e Bryan Hayes foram estudantes do ensino m\u00e9dio que desapareceram em 2005 depois de deixar a Paxon Middle School. Suas fotos progredidas com a idade estavam em exibi\u00e7\u00e3o na sexta-feira.<\/p>\n<figure class=\"wp-block-image size-large\"><figcaption class=\"wp-element-caption\">Bryan Hayes, \u00e0 esquerda, \u00e9 mostrado como ele pode olhar para 33 anos. Mark Degner, \u00e0 direita, \u00e9 mostrado aos 32 anos. Centro Nacional de Crian\u00e7as desaparecidas e exploradas<\/figcaption><\/figure>\n<\/div>\n<p><br \/>\n<br \/><a href=\"https:\/\/jaxtoday.org\/2025\/02\/21\/missing-adults-day-jacksonville\/\">Source link <\/a><\/p>","protected":false},"excerpt":{"rendered":"<p>Muitos adultos nos EUA permanecem n\u00e3o contabilizados por seus entes queridos, e um dia designado ilumina seus casos ainda abertos. A prefeita de Jacksonville, Donna Deegan, proclamou sexta -feira como&hellip;<\/p>","protected":false},"author":1,"featured_media":105205,"comment_status":"closed","ping_status":"open","sticky":false,"template":"","format":"standard","meta":{"content-type":"","footnotes":""},"categories":[1],"tags":[],"class_list":["post-105204","post","type-post","status-publish","format-standard","has-post-thumbnail","hentry","category-uncategorized"],"_links":{"self":[{"href":"https:\/\/tvbrazilusa.com\/pt\/wp-json\/wp\/v2\/posts\/105204","targetHints":{"allow":["GET"]}}],"collection":[{"href":"https:\/\/tvbrazilusa.com\/pt\/wp-json\/wp\/v2\/posts"}],"about":[{"href":"https:\/\/tvbrazilusa.com\/pt\/wp-json\/wp\/v2\/types\/post"}],"author":[{"embeddable":true,"href":"https:\/\/tvbrazilusa.com\/pt\/wp-json\/wp\/v2\/users\/1"}],"replies":[{"embeddable":true,"href":"https:\/\/tvbrazilusa.com\/pt\/wp-json\/wp\/v2\/comments?post=105204"}],"version-history":[{"count":1,"href":"https:\/\/tvbrazilusa.com\/pt\/wp-json\/wp\/v2\/posts\/105204\/revisions"}],"predecessor-version":[{"id":105206,"href":"https:\/\/tvbrazilusa.com\/pt\/wp-json\/wp\/v2\/posts\/105204\/revisions\/105206"}],"wp:featuredmedia":[{"embeddable":true,"href":"https:\/\/tvbrazilusa.com\/pt\/wp-json\/wp\/v2\/media\/105205"}],"wp:attachment":[{"href":"https:\/\/tvbrazilusa.com\/pt\/wp-json\/wp\/v2\/media?parent=105204"}],"wp:term":[{"taxonomy":"category","embeddable":true,"href":"https:\/\/tvbrazilusa.com\/pt\/wp-json\/wp\/v2\/categories?post=105204"},{"taxonomy":"post_tag","embeddable":true,"href":"https:\/\/tvbrazilusa.com\/pt\/wp-json\/wp\/v2\/tags?post=105204"}],"curies":[{"name":"wp","href":"https:\/\/api.w.org\/{rel}","templated":true}]}}