{"id":105225,"date":"2025-02-21T20:08:31","date_gmt":"2025-02-21T20:08:31","guid":{"rendered":"https:\/\/tvbrazilusa.com\/2025\/02\/21\/mesmo-com-a-ameaca-de-demissao-ministerio-da-saude-defende-a-lideranca-de-nisia-trindade\/"},"modified":"2025-02-21T20:08:32","modified_gmt":"2025-02-21T20:08:32","slug":"mesmo-com-a-ameaca-de-demissao-ministerio-da-saude-defende-a-lideranca-de-nisia-trindade","status":"publish","type":"post","link":"https:\/\/tvbrazilusa.com\/pt\/2025\/02\/21\/mesmo-com-a-ameaca-de-demissao-ministerio-da-saude-defende-a-lideranca-de-nisia-trindade\/","title":{"rendered":"Mesmo com a amea\u00e7a de demiss\u00e3o, Minist\u00e9rio da Sa\u00fade defende a lideran\u00e7a de N\u00edsia Trindade"},"content":{"rendered":"<p> <script async src=\"https:\/\/pagead2.googlesyndication.com\/pagead\/js\/adsbygoogle.js?client=ca-pub-8864793242727901\"\r\n     crossorigin=\"anonymous\"><\/script><br \/>\n<\/p>\n<div id=\"taboola-read-more\" style=\"display:block; width:100%\">\n<p>O Minist\u00e9rio da Sa\u00fade divulgou uma nota, nesta quinta-feira, 20, para informar que a ministra N\u00edsia Trindade continua a cumprir seus compromissos oficiais e defende sua gest\u00e3o. Essa declara\u00e7\u00e3o surge em meio a rumores de sua poss\u00edvel demiss\u00e3o, por causa da reforma ministerial planejada pelo presidente Luiz In\u00e1cio Lula da Silva.\n<\/p>\n<p>Segundo o jornal Folha de S.Paulo, informa\u00e7\u00f5es internas mostram que Lula j\u00e1 teria comunicado a aliados sobre a inten\u00e7\u00e3o de substituir N\u00edsia na pasta. A ministra enfrenta cr\u00edticas de membros do Congresso e do Pal\u00e1cio do Planalto, que apontam a aus\u00eancia de uma marca forte em sua gest\u00e3o. O pr\u00f3prio presidente tamb\u00e9m teria expressado essas cr\u00edticas.<\/p>\n<p>Em meio a essas press\u00f5es, Alexandre Padilha, atual ministro da Secretaria de Rela\u00e7\u00f5es Institucionais e ex-ministro da Sa\u00fade, \u00e9 apontado como o principal candidato para assumir o cargo. Boatos sobre uma reuni\u00e3o entre N\u00edsia e Lula para discutir sua sa\u00edda foram negados pelo Minist\u00e9rio da Sa\u00fade.\n<\/p>\n<p><strong>Pasta chama sa\u00edda de N\u00edsia de \u201cfake news\u201d<\/strong>\n<\/p>\n<p>\u201cTrata-se de uma fake news a informa\u00e7\u00e3o de que a ministra esteve em reuni\u00e3o com o presidente Lula na tarde da quinta-feira, sobre substitui\u00e7\u00e3o no comando da pasta\u201d, afirma a nota, que tamb\u00e9m refutou a not\u00edcia de que N\u00edsia teria convocado uma reuni\u00e3o com sua equipe para comunicar sua sa\u00edda.\n<\/p>\n<p>O minist\u00e9rio destacou que N\u00edsia Trindade continua com sua agenda de compromissos. Ela participar\u00e1 de um evento em Maring\u00e1 (PR), onde entregar\u00e1 leitos de Unidade de Terapia Intensiva (UTI) do Hospital da Crian\u00e7a e visitar\u00e1 o Parque Tecnol\u00f3gico Industrial da Sa\u00fade.\n<\/p>\n<p>A pasta tamb\u00e9m lembrou de a\u00e7\u00f5es da ministra, como o Programa Mais Especialistas, o Plano de Preven\u00e7\u00e3o \u00e0 Dengue e iniciativas na \u00e1rea de vacina\u00e7\u00e3o e tecnologia voltada \u00e0 sa\u00fade. Desde mar\u00e7o de 2024, a ministra enfrenta press\u00f5es internas, mas afirmou anteriormente que n\u00e3o mudaria sua postura para conseguir respeito.\n<\/p>\n<p>Fonte: Revista Oeste              <\/p>\n<\/div>\n<p><br \/>\n<br \/><a href=\"https:\/\/diariodobrasilnoticias.com.br\/noticia\/mesmo-com-a-ameaca-de-demissao-ministerio-da-saude-defende-a-lideranca-de-nisia-trindade-67b8bb09e767e\">Source link <\/a><\/p>","protected":false},"excerpt":{"rendered":"<p>O Minist\u00e9rio da Sa\u00fade divulgou uma nota, nesta quinta-feira, 20, para informar que a ministra N\u00edsia Trindade continua a cumprir seus compromissos oficiais e defende sua gest\u00e3o. Essa declara\u00e7\u00e3o surge&hellip;<\/p>","protected":false},"author":1,"featured_media":105226,"comment_status":"closed","ping_status":"open","sticky":false,"template":"","format":"standard","meta":{"content-type":"","footnotes":""},"categories":[16],"tags":[123,2448,5313,1267],"class_list":["post-105225","post","type-post","status-publish","format-standard","has-post-thumbnail","hentry","category-noticias","tag-brasil","tag-diario","tag-noticia","tag-noticias"],"_links":{"self":[{"href":"https:\/\/tvbrazilusa.com\/pt\/wp-json\/wp\/v2\/posts\/105225","targetHints":{"allow":["GET"]}}],"collection":[{"href":"https:\/\/tvbrazilusa.com\/pt\/wp-json\/wp\/v2\/posts"}],"about":[{"href":"https:\/\/tvbrazilusa.com\/pt\/wp-json\/wp\/v2\/types\/post"}],"author":[{"embeddable":true,"href":"https:\/\/tvbrazilusa.com\/pt\/wp-json\/wp\/v2\/users\/1"}],"replies":[{"embeddable":true,"href":"https:\/\/tvbrazilusa.com\/pt\/wp-json\/wp\/v2\/comments?post=105225"}],"version-history":[{"count":1,"href":"https:\/\/tvbrazilusa.com\/pt\/wp-json\/wp\/v2\/posts\/105225\/revisions"}],"predecessor-version":[{"id":105227,"href":"https:\/\/tvbrazilusa.com\/pt\/wp-json\/wp\/v2\/posts\/105225\/revisions\/105227"}],"wp:featuredmedia":[{"embeddable":true,"href":"https:\/\/tvbrazilusa.com\/pt\/wp-json\/wp\/v2\/media\/105226"}],"wp:attachment":[{"href":"https:\/\/tvbrazilusa.com\/pt\/wp-json\/wp\/v2\/media?parent=105225"}],"wp:term":[{"taxonomy":"category","embeddable":true,"href":"https:\/\/tvbrazilusa.com\/pt\/wp-json\/wp\/v2\/categories?post=105225"},{"taxonomy":"post_tag","embeddable":true,"href":"https:\/\/tvbrazilusa.com\/pt\/wp-json\/wp\/v2\/tags?post=105225"}],"curies":[{"name":"wp","href":"https:\/\/api.w.org\/{rel}","templated":true}]}}