{"id":105254,"date":"2025-02-21T21:31:51","date_gmt":"2025-02-21T21:31:51","guid":{"rendered":"https:\/\/tvbrazilusa.com\/2025\/02\/21\/trump-ordena-o-encerramento-das-acoes-de-diversidade-nas-embaixadas-americanas\/"},"modified":"2025-02-21T21:31:53","modified_gmt":"2025-02-21T21:31:53","slug":"trump-ordena-o-encerramento-das-acoes-de-diversidade-nas-embaixadas-americanas","status":"publish","type":"post","link":"https:\/\/tvbrazilusa.com\/pt\/2025\/02\/21\/trump-ordena-o-encerramento-das-acoes-de-diversidade-nas-embaixadas-americanas\/","title":{"rendered":"Trump ordena o encerramento das a\u00e7\u00f5es de &#8216;diversidade&#8217; nas embaixadas americanas"},"content":{"rendered":"<p> <script async src=\"https:\/\/pagead2.googlesyndication.com\/pagead\/js\/adsbygoogle.js?client=ca-pub-8864793242727901\"\r\n     crossorigin=\"anonymous\"><\/script><br \/>\n<\/p>\n<div id=\"taboola-read-more\" style=\"display:block; width:100%\">\n<p>As embaixadas dos Estados Unidos receberam instru\u00e7\u00f5es para que seus fornecedores locais cumpram uma pol\u00edtica do governo de Donald Trump, que visa a acabar com as a\u00e7\u00f5es \u201cafirmativas\u201d e de \u201cdiversidade\u201d em contratos federais. A informa\u00e7\u00e3o foi divulgada nesta quinta-feira, 20.\n<\/p>\n<p>A Embaixada dos EUA na Espanha comunicou essas novas diretrizes aos seus fornecedores, conforme relatado pelo jornal El Pa\u00eds. Essa medida \u00e9 parte de uma ordem executiva assinada por Trump, em 20 de janeiro, no come\u00e7o de seu segundo mandato presidencial.<\/p>\n<p>As diretrizes determinam o desmantelamento de \u201cprogramas federais de diversidade e inclus\u00e3o\u201d, que englobam desde \u201ctreinamentos antipreconceito\u201d at\u00e9 financiamentos para fazendeiros e propriet\u00e1rios de im\u00f3veis de \u201cgrupos subrepresentados\u201d.\n<\/p>\n<p>Trump classificou esses programas como \u201cdiscrimina\u00e7\u00e3o\u201d e defendeu a contrata\u00e7\u00e3o baseada exclusivamente em m\u00e9rito. Ele tamb\u00e9m determinou que os funcion\u00e1rios dedicados a \u201cdiversidade, equidade e inclus\u00e3o\u201d fossem colocados em licen\u00e7a remunerada e, posteriormente, demitidos.\n<\/p>\n<p><strong>Trump cria leis de \u201cantidiscrimina\u00e7\u00e3o\u201d<\/strong>\n<\/p>\n<p>As embaixadas dos EUA precisam garantir que seus contratos n\u00e3o promovam \u201cdiversidade, equidade e inclus\u00e3o\u201d, seguindo as leis federais \u201cantidiscrimina\u00e7\u00e3o\u201d. Os fornecedores locais devem assinar um documento que ateste o cumprimento dessas leis, segundo o jornal El Confidencial.\n<\/p>\n<p>Empresas que n\u00e3o fornecerem as informa\u00e7\u00f5es necess\u00e1rias podem enfrentar o congelamento dos pagamentos. Na Espanha, o Minist\u00e9rio do Trabalho, sob a lideran\u00e7a de Yolanda D\u00edaz, criticou a medida, ao consider\u00e1-la uma \u201cflagrante viola\u00e7\u00e3o\u201d da legisla\u00e7\u00e3o nacional.\n<\/p>\n<p>Na Espanha, desde o ano passado, empresas com mais de 50 funcion\u00e1rios s\u00e3o obrigadas a implementar planos de inclus\u00e3o LGBT.\n<\/p>\n<p>Fonte: Revista Oeste              <\/p>\n<\/div>\n<p><br \/>\n<br \/><a href=\"https:\/\/diariodobrasilnoticias.com.br\/noticia\/trump-ordena-o-encerramento-das-acoes-de-diversidade-nas-embaixadas-americanas-67b8d9009dcd6\">Source link <\/a><\/p>","protected":false},"excerpt":{"rendered":"<p>As embaixadas dos Estados Unidos receberam instru\u00e7\u00f5es para que seus fornecedores locais cumpram uma pol\u00edtica do governo de Donald Trump, que visa a acabar com as a\u00e7\u00f5es \u201cafirmativas\u201d e de&hellip;<\/p>","protected":false},"author":1,"featured_media":105255,"comment_status":"closed","ping_status":"open","sticky":false,"template":"","format":"standard","meta":{"content-type":"","footnotes":""},"categories":[16],"tags":[123,2448,5313,1267],"class_list":["post-105254","post","type-post","status-publish","format-standard","has-post-thumbnail","hentry","category-noticias","tag-brasil","tag-diario","tag-noticia","tag-noticias"],"_links":{"self":[{"href":"https:\/\/tvbrazilusa.com\/pt\/wp-json\/wp\/v2\/posts\/105254","targetHints":{"allow":["GET"]}}],"collection":[{"href":"https:\/\/tvbrazilusa.com\/pt\/wp-json\/wp\/v2\/posts"}],"about":[{"href":"https:\/\/tvbrazilusa.com\/pt\/wp-json\/wp\/v2\/types\/post"}],"author":[{"embeddable":true,"href":"https:\/\/tvbrazilusa.com\/pt\/wp-json\/wp\/v2\/users\/1"}],"replies":[{"embeddable":true,"href":"https:\/\/tvbrazilusa.com\/pt\/wp-json\/wp\/v2\/comments?post=105254"}],"version-history":[{"count":1,"href":"https:\/\/tvbrazilusa.com\/pt\/wp-json\/wp\/v2\/posts\/105254\/revisions"}],"predecessor-version":[{"id":105256,"href":"https:\/\/tvbrazilusa.com\/pt\/wp-json\/wp\/v2\/posts\/105254\/revisions\/105256"}],"wp:featuredmedia":[{"embeddable":true,"href":"https:\/\/tvbrazilusa.com\/pt\/wp-json\/wp\/v2\/media\/105255"}],"wp:attachment":[{"href":"https:\/\/tvbrazilusa.com\/pt\/wp-json\/wp\/v2\/media?parent=105254"}],"wp:term":[{"taxonomy":"category","embeddable":true,"href":"https:\/\/tvbrazilusa.com\/pt\/wp-json\/wp\/v2\/categories?post=105254"},{"taxonomy":"post_tag","embeddable":true,"href":"https:\/\/tvbrazilusa.com\/pt\/wp-json\/wp\/v2\/tags?post=105254"}],"curies":[{"name":"wp","href":"https:\/\/api.w.org\/{rel}","templated":true}]}}