{"id":10528,"date":"2024-07-28T09:54:26","date_gmt":"2024-07-28T09:54:26","guid":{"rendered":"https:\/\/tvbrazilusa.com\/2024\/07\/28\/um-ataque-do-libano-matou-12-jovens-isso-poderia-desencadear-uma-guerra-entre-israel-e-o-hezbollah\/"},"modified":"2024-07-28T09:59:45","modified_gmt":"2024-07-28T09:59:45","slug":"um-ataque-do-libano-matou-12-jovens-isso-poderia-desencadear-uma-guerra-entre-israel-e-o-hezbollah","status":"publish","type":"post","link":"https:\/\/tvbrazilusa.com\/pt\/2024\/07\/28\/um-ataque-do-libano-matou-12-jovens-isso-poderia-desencadear-uma-guerra-entre-israel-e-o-hezbollah\/","title":{"rendered":"Um ataque do L\u00edbano matou 12 jovens. Isso poderia desencadear uma guerra entre Israel e o Hezbollah?"},"content":{"rendered":"<script async src=\"https:\/\/pagead2.googlesyndication.com\/pagead\/js\/adsbygoogle.js?client=ca-pub-8864793242727901\"\r\n     crossorigin=\"anonymous\"><\/script>\n<div id=\"\">\n<p class=\"dist__Box-sc-1fnzlkn-0 dist__TextBase-sc-1fnzlkn-3 CGHCP htMUPQ article-text\"><strong>TEL AVIV<\/strong> \u2013 O Oriente M\u00e9dio estava se preparando para um poss\u00edvel surto de viol\u00eancia no domingo, depois que as autoridades israelenses disseram que <a href=\"https:\/\/apnews.com\/article\/lebanon-israel-hezbollah-golan-kfar-kila-141600af654f48f733b33f9f0a26dbfe\">foguete do L\u00edbano atingiu um campo de futebol<\/a> nas Colinas de Gol\u00e3 controladas por Israel, matando 12 crian\u00e7as e adolescentes no que os militares disseram ter sido o ataque mais mortal contra civis desde 7 de outubro. <a href=\"https:\/\/apnews.com\/article\/hezbollah-israel-hamas-lebanon-gaza-62d6eb8831fbd871f862146add7970d9\">A greve levantou receios de uma guerra regional mais ampla<\/a> entre Israel e o Hezbollah, que negou qualquer participa\u00e7\u00e3o no ataque.<\/p>\n<p class=\"dist__Box-sc-1fnzlkn-0 dist__TextBase-sc-1fnzlkn-3 CGHCP htMUPQ article-text\">Durante a noite, o ex\u00e9rcito israelense disse ter atingido v\u00e1rios alvos dentro do L\u00edbano, embora a intensidade dos ataques tenha sido semelhante \u00e0 de meses de combates transfronteiri\u00e7os entre Israel e o Hezbollah. <\/p>\n<p class=\"dist__Box-sc-1fnzlkn-0 dist__TextBase-sc-1fnzlkn-3 CGHCP htMUPQ article-text\">O ataque de s\u00e1bado ocorre em um momento delicado, j\u00e1 que Israel e o Hamas est\u00e3o negociando uma proposta de cessar-fogo para encerrar a guerra de quase 10 meses em Gaza e libertar os cerca de 110 ref\u00e9ns que permanecem presos l\u00e1.<\/p>\n<p class=\"dist__Box-sc-1fnzlkn-0 dist__TextBase-sc-1fnzlkn-3 CGHCP htMUPQ article-text\">Aqui est\u00e1 uma vis\u00e3o das repercuss\u00f5es mais amplas do ataque de s\u00e1bado:<\/p>\n<p class=\"dist__Box-sc-1fnzlkn-0 dist__TextBase-sc-1fnzlkn-3 CGHCP htMUPQ article-text\">O que aconteceu?<\/p>\n<p class=\"dist__Box-sc-1fnzlkn-0 dist__TextBase-sc-1fnzlkn-3 CGHCP htMUPQ article-text\">No s\u00e1bado, pouco antes do p\u00f4r do sol, um foguete atingiu um campo de futebol onde dezenas de crian\u00e7as e adolescentes estavam jogando na cidade drusa de Majdal Shams, que fica a cerca de 12 quil\u00f4metros (7 milhas) ao sul do L\u00edbano e pr\u00f3xima \u00e0 fronteira com a S\u00edria. Doze jovens entre 10 e 20 anos foram mortos e 20 ficaram feridos, de acordo com o ex\u00e9rcito israelense.<\/p>\n<p class=\"dist__Box-sc-1fnzlkn-0 dist__TextBase-sc-1fnzlkn-3 CGHCP htMUPQ article-text\">\u201cSinto escurid\u00e3o por dentro e por fora. Nada parecido com isso aconteceu aqui\u201d, disse Anan Abu Saleh, morador de Majdal Shams, do campo de futebol na noite de s\u00e1bado. \u201cN\u00e3o h\u00e1 como explicar isso. Eu vi crian\u00e7as, n\u00e3o quero dizer o que vi, mas \u00e9 horr\u00edvel, realmente horr\u00edvel. Precisamos de mais seguran\u00e7a.\u201d<\/p>\n<p class=\"dist__Box-sc-1fnzlkn-0 dist__TextBase-sc-1fnzlkn-3 CGHCP htMUPQ article-text\">Estilha\u00e7os e respingos de sangue marcavam o campo enquanto os socorristas recolhiam mochilas e bicicletas queimadas. Durante a noite, os moradores come\u00e7aram a montar centenas de cadeiras no campo onde o ataque ocorreu para realizar um memorial em massa. Os moradores disseram \u00e0 m\u00eddia israelense que era o \u00fanico lugar na cidade que seria capaz de acomodar as dezenas de milhares de pessoas que se esperava que se reunissem. <\/p>\n<p class=\"dist__Box-sc-1fnzlkn-0 dist__TextBase-sc-1fnzlkn-3 CGHCP htMUPQ article-text\">Na manh\u00e3 de domingo, muitos dos corpos foram levados para um centro comunit\u00e1rio em Majdal Shams, onde familiares lamentaram sobre os caix\u00f5es. Ao meio-dia, os caix\u00f5es, envoltos em pano branco e com fotos das v\u00edtimas, foram levados para o cemit\u00e9rio, passaram por uma multid\u00e3o de milhares e se alinharam para o enterro. Uma crian\u00e7a de 11 anos ainda est\u00e1 desaparecida, disseram moradores \u00e0 m\u00eddia israelense. <\/p>\n<p class=\"dist__Box-sc-1fnzlkn-0 dist__TextBase-sc-1fnzlkn-3 CGHCP htMUPQ article-text\">Quem s\u00e3o os drusos?<\/p>\n<p class=\"dist__Box-sc-1fnzlkn-0 dist__TextBase-sc-1fnzlkn-3 CGHCP htMUPQ article-text\">Os drusos s\u00e3o uma seita religiosa que come\u00e7ou como um desdobramento do islamismo xiita. H\u00e1 comunidades drusas em Israel, S\u00edria e L\u00edbano. H\u00e1 cerca de 140.000 drusos em Israel, 25.000 dos quais vivem em quatro cidades nas Colinas de Gol\u00e3 controladas por Israel, de acordo com Yusri Hazran da Universidade Hebraica, que \u00e9 druso e pesquisa minorias no Oriente M\u00e9dio.<\/p>\n<p class=\"dist__Box-sc-1fnzlkn-0 dist__TextBase-sc-1fnzlkn-3 CGHCP htMUPQ article-text\">A comunidade drusa \u00e9 considerada uma das mais leais cidad\u00e3s de Israel. Muitos drusos servem no ex\u00e9rcito israelense, embora aqueles que vivem nas Colinas de Gol\u00e3 tenham um relacionamento mais tenso com as autoridades.<\/p>\n<p class=\"dist__Box-sc-1fnzlkn-0 dist__TextBase-sc-1fnzlkn-3 CGHCP htMUPQ article-text\">Israel capturou e anexou o Gol\u00e3, um planalto estrat\u00e9gico com vista para o norte de Israel, da S\u00edria na guerra do Oriente M\u00e9dio de 1967. Grande parte da comunidade internacional considera a \u00e1rea como territ\u00f3rio ocupado.<\/p>\n<p class=\"dist__Box-sc-1fnzlkn-0 dist__TextBase-sc-1fnzlkn-3 CGHCP htMUPQ article-text\">Enquanto os l\u00edderes drusos no Gol\u00e3 ainda professam lealdade \u00e0 S\u00edria, as rela\u00e7\u00f5es com Israel s\u00e3o normalmente boas. As cidades drusas no Gol\u00e3 s\u00e3o um destino de f\u00e9rias popular para os israelenses e est\u00e3o cheias de hot\u00e9is e restaurantes, e a maioria dos moradores drusos fala hebraico fluentemente.<\/p>\n<p class=\"dist__Box-sc-1fnzlkn-0 dist__TextBase-sc-1fnzlkn-3 CGHCP htMUPQ article-text\">O que isso poderia significar para o L\u00edbano e para uma guerra mais ampla?<\/p>\n<p class=\"dist__Box-sc-1fnzlkn-0 dist__TextBase-sc-1fnzlkn-3 CGHCP htMUPQ article-text\">Os ataques na fronteira entre Israel e L\u00edbano t\u00eam fervido pouco abaixo do limiar de uma guerra total desde o in\u00edcio do conflito em outubro. Mas o n\u00famero de mortos no ataque e a pouca idade das v\u00edtimas podem levar Israel a responder mais severamente. <\/p>\n<p class=\"dist__Box-sc-1fnzlkn-0 dist__TextBase-sc-1fnzlkn-3 CGHCP htMUPQ article-text\">O grupo apoiado pelo Ir\u00e3o <a href=\"https:\/\/apnews.com\/hub\/hezbollah\">Hezbollah<\/a> come\u00e7ou a disparar foguetes contra Israel no dia seguinte ao ataque do Hamas em 7 de outubro, e Israel respondeu mirando o que diz ser infraestrutura militar do Hezbollah com ataques a\u00e9reos e drones. A maioria dos ataques foi confinada \u00e0 \u00e1rea de ambos os lados da fronteira, embora Israel tamb\u00e9m tenha <a href=\"https:\/\/apnews.com\/article\/hezbollah-lebanon-israel-war-gaza-989e915fc0edbabbb4ac09343698623c\">assassinado Hezbollah e lideran\u00e7a do Hamas<\/a> mais ao norte no L\u00edbano. Dezenas de milhares de pessoas em ambos os lados da fronteira evacuaram a \u00e1rea.<\/p>\n<p class=\"dist__Box-sc-1fnzlkn-0 dist__TextBase-sc-1fnzlkn-3 CGHCP htMUPQ article-text\">Desde o in\u00edcio de outubro, ataques a\u00e9reos israelenses no L\u00edbano mataram mais de 500 pessoas, a maioria membros do Hezbollah, mas tamb\u00e9m cerca de 90 civis. Do lado israelense, 22 soldados e 24 civis foram mortos.<\/p>\n<p class=\"dist__Box-sc-1fnzlkn-0 dist__TextBase-sc-1fnzlkn-3 CGHCP htMUPQ article-text\">O primeiro-ministro israelense Benjamin Netanyahu, que estava nos Estados Unidos na \u00e9poca do ataque, alertou que o Hezbollah \u201cpagar\u00e1 um pre\u00e7o alto por este ataque, um pre\u00e7o que n\u00e3o pagou at\u00e9 agora\u201d.<\/p>\n<p class=\"dist__Box-sc-1fnzlkn-0 dist__TextBase-sc-1fnzlkn-3 CGHCP htMUPQ article-text\">O Chefe do Estado-Maior do ex\u00e9rcito israelense, Tenente-General Herzi Halevi, se encontrou com os l\u00edderes de Majdal Shams na noite de s\u00e1bado e disse que Israel estava se preparando para \u201co pr\u00f3ximo est\u00e1gio de combate\u201d no norte. \u201cSabemos como atacar mesmo muito longe do estado de Israel\u201d, disse ele.<\/p>\n<p class=\"dist__Box-sc-1fnzlkn-0 dist__TextBase-sc-1fnzlkn-3 CGHCP htMUPQ article-text\">Em um movimento raro, o Hezbollah negou ser respons\u00e1vel pelo ataque, mas Halevi disse que o foguete era um Falaq com uma ogiva de 53 quilos que pertencia ao Hezbollah.<\/p>\n<p class=\"dist__Box-sc-1fnzlkn-0 dist__TextBase-sc-1fnzlkn-3 CGHCP htMUPQ article-text\">Autoridades de intelig\u00eancia dos EUA n\u00e3o t\u00eam d\u00favidas de que o Hezbollah realizou o ataque \u00e0s Colinas de Gol\u00e3, mas n\u00e3o ficou claro se o grupo militante tinha a inten\u00e7\u00e3o de atingir o alvo ou errou o alvo, de acordo com uma pessoa familiarizada com o assunto que n\u00e3o estava autorizada a comentar publicamente.<\/p>\n<p class=\"dist__Box-sc-1fnzlkn-0 dist__TextBase-sc-1fnzlkn-3 CGHCP htMUPQ article-text\">O governo do L\u00edbano, em uma declara\u00e7\u00e3o que n\u00e3o mencionou Majdal Shams, pediu uma \u201ccessa\u00e7\u00e3o imediata das hostilidades em todas as frentes\u201d e condenou todos os ataques a civis.<\/p>\n<p class=\"dist__Box-sc-1fnzlkn-0 dist__TextBase-sc-1fnzlkn-3 CGHCP htMUPQ article-text\">O Ir\u00e3 alertou Israel no domingo que uma forte rea\u00e7\u00e3o ao ataque \u00e0s Colinas de Gol\u00e3 levar\u00e1 a \u201cconsequ\u00eancias sem precedentes\u201d.<\/p>\n<p class=\"dist__Box-sc-1fnzlkn-0 dist__TextBase-sc-1fnzlkn-3 CGHCP htMUPQ article-text\">\u201cQualquer a\u00e7\u00e3o insensata do regime sionista \u00e9 uma pavimenta\u00e7\u00e3o de terreno para expans\u00e3o da instabilidade, inseguran\u00e7a e guerra na regi\u00e3o\u201d, disse Nasser Kanaani, porta-voz do Minist\u00e9rio das Rela\u00e7\u00f5es Exteriores iraniano. A guerra de sombras de anos entre Ir\u00e3 e Israel explodiu em abril, quando o Ir\u00e3 lan\u00e7ou 300 m\u00edsseis e drones contra Israel, a maioria dos quais foi interceptada, em resposta ao assassinato de um general iraniano. <\/p>\n<p class=\"dist__Box-sc-1fnzlkn-0 dist__TextBase-sc-1fnzlkn-3 CGHCP htMUPQ article-text\">Como isso poderia impactar a guerra em Gaza?<\/p>\n<p class=\"dist__Box-sc-1fnzlkn-0 dist__TextBase-sc-1fnzlkn-3 CGHCP htMUPQ article-text\">Uma autoridade eg\u00edpcia disse que o ataque nas Colinas de Gol\u00e3 controladas por Israel pode dar urg\u00eancia \u00e0s negocia\u00e7\u00f5es para chegar a um acordo de cessar-fogo em Gaza, o que se refletiria na frente Israel-Hezbollah.<\/p>\n<p class=\"dist__Box-sc-1fnzlkn-0 dist__TextBase-sc-1fnzlkn-3 CGHCP htMUPQ article-text\">Ele disse que os mediadores usar\u00e3o tal ataque para pressionar por um cessar-fogo em Gaza para evitar uma guerra total na regi\u00e3o.<\/p>\n<p class=\"dist__Box-sc-1fnzlkn-0 dist__TextBase-sc-1fnzlkn-3 CGHCP htMUPQ article-text\">\u201cAmbas as frentes est\u00e3o conectadas\u201d, ele disse. \u201cUm cessar-fogo em Gaza levar\u00e1 a um cessar-fogo com o Hezbollah.\u201d<\/p>\n<p class=\"dist__Box-sc-1fnzlkn-0 dist__TextBase-sc-1fnzlkn-3 CGHCP htMUPQ article-text\">O funcion\u00e1rio falou sob condi\u00e7\u00e3o de anonimato porque n\u00e3o estava autorizado a discutir as conversas delicadas com a m\u00eddia.<\/p>\n<p class=\"dist__Box-sc-1fnzlkn-0 dist__TextBase-sc-1fnzlkn-3 CGHCP htMUPQ article-text\">Autoridades dos Estados Unidos, Egito e Catar se reunir\u00e3o no domingo com autoridades israelenses em Roma na mais recente iniciativa para um acordo de cessar-fogo em Gaza.<\/p>\n<p class=\"dist__Box-sc-1fnzlkn-0 dist__TextBase-sc-1fnzlkn-3 CGHCP htMUPQ article-text\">___<\/p>\n<p class=\"dist__Box-sc-1fnzlkn-0 dist__TextBase-sc-1fnzlkn-3 CGHCP htMUPQ article-text\">Magdy relatou do Cairo. <\/p>\n<\/div>\n<p>Copyright 2024 The Associated Press. Todos os direitos reservados. Este material n\u00e3o pode ser publicado, transmitido, reescrito ou redistribu\u00eddo sem permiss\u00e3o.<\/p>\n<p><br \/>\n<br \/><a href=\"https:\/\/www.clickorlando.com\/news\/world\/2024\/07\/28\/a-strike-from-lebanon-killed-12-youths-could-that-spark-war-between-israel-and-hezbollah\/\">Source link <\/a><\/p>","protected":false},"excerpt":{"rendered":"<p>TEL AVIV \u2013 O Oriente M\u00e9dio estava se preparando para um poss\u00edvel surto de viol\u00eancia no domingo, depois que as autoridades israelenses disseram que foguete do L\u00edbano atingiu um campo&hellip;<\/p>","protected":false},"author":1,"featured_media":10529,"comment_status":"closed","ping_status":"open","sticky":false,"template":"","format":"standard","meta":{"content-type":"","footnotes":""},"categories":[1],"tags":[1419],"class_list":["post-10528","post","type-post","status-publish","format-standard","has-post-thumbnail","hentry","category-uncategorized","tag-noticias-do-mundo"],"_links":{"self":[{"href":"https:\/\/tvbrazilusa.com\/pt\/wp-json\/wp\/v2\/posts\/10528","targetHints":{"allow":["GET"]}}],"collection":[{"href":"https:\/\/tvbrazilusa.com\/pt\/wp-json\/wp\/v2\/posts"}],"about":[{"href":"https:\/\/tvbrazilusa.com\/pt\/wp-json\/wp\/v2\/types\/post"}],"author":[{"embeddable":true,"href":"https:\/\/tvbrazilusa.com\/pt\/wp-json\/wp\/v2\/users\/1"}],"replies":[{"embeddable":true,"href":"https:\/\/tvbrazilusa.com\/pt\/wp-json\/wp\/v2\/comments?post=10528"}],"version-history":[{"count":1,"href":"https:\/\/tvbrazilusa.com\/pt\/wp-json\/wp\/v2\/posts\/10528\/revisions"}],"predecessor-version":[{"id":10530,"href":"https:\/\/tvbrazilusa.com\/pt\/wp-json\/wp\/v2\/posts\/10528\/revisions\/10530"}],"wp:featuredmedia":[{"embeddable":true,"href":"https:\/\/tvbrazilusa.com\/pt\/wp-json\/wp\/v2\/media\/10529"}],"wp:attachment":[{"href":"https:\/\/tvbrazilusa.com\/pt\/wp-json\/wp\/v2\/media?parent=10528"}],"wp:term":[{"taxonomy":"category","embeddable":true,"href":"https:\/\/tvbrazilusa.com\/pt\/wp-json\/wp\/v2\/categories?post=10528"},{"taxonomy":"post_tag","embeddable":true,"href":"https:\/\/tvbrazilusa.com\/pt\/wp-json\/wp\/v2\/tags?post=10528"}],"curies":[{"name":"wp","href":"https:\/\/api.w.org\/{rel}","templated":true}]}}