{"id":10548,"date":"2024-07-28T11:06:30","date_gmt":"2024-07-28T11:06:30","guid":{"rendered":"https:\/\/tvbrazilusa.com\/2024\/07\/28\/governo-lula-deficit-nas-contas-publicas-em-junho-atinge-quarto-maior-numero-em-30-anos\/"},"modified":"2024-07-28T11:13:20","modified_gmt":"2024-07-28T11:13:20","slug":"governo-lula-deficit-nas-contas-publicas-em-junho-atinge-quarto-maior-numero-em-30-anos","status":"publish","type":"post","link":"https:\/\/tvbrazilusa.com\/pt\/2024\/07\/28\/governo-lula-deficit-nas-contas-publicas-em-junho-atinge-quarto-maior-numero-em-30-anos\/","title":{"rendered":"Governo Lula: D\u00e9ficit nas contas p\u00fablicas em junho atinge quarto maior n\u00famero em 30 anos"},"content":{"rendered":"<p> <script async src=\"https:\/\/pagead2.googlesyndication.com\/pagead\/js\/adsbygoogle.js?client=ca-pub-8864793242727901\"\r\n     crossorigin=\"anonymous\"><\/script><br \/>\n<\/p>\n<div>\n<p>Foto: Reprodu\u00e7\u00e3o\/Fabio Rodrigues Pozzebom\/Ag\u00eancia Brasil.<\/p>\n<p>Em junho de 2024, o governo federal registrou um d\u00e9ficit de R$ 38,8 bilh\u00f5es nas contas p\u00fablicas. Esta cifra foi divulgada pelo Tesouro Nacional nesta sexta-feira, 26. Apesar do aumento nas receitas federais, o d\u00e9ficit marca o quarto pior resultado para o m\u00eas desde o in\u00edcio da s\u00e9rie hist\u00f3rica em 1997.<\/p>\n<p>Comparando com o mesmo per\u00edodo do ano passado, ajustado pela infla\u00e7\u00e3o, o d\u00e9ficit de junho de 2023 foi de R$ 47 bilh\u00f5es. No primeiro semestre de 2024, as contas p\u00fablicas acumulam um d\u00e9ficit de R$ 68,7 bilh\u00f5es, o pior desde 2020, quando a pandemia de covid-19 causou um rombo de R$ 544,1 bilh\u00f5es.<\/p>\n<h2 class=\"wp-block-heading\">Por que o d\u00e9ficit nas contas p\u00fablicas aumentou?<\/h2>\n<p>O Tesouro Nacional, o Banco Central e a Previd\u00eancia Social comp\u00f5em as contas p\u00fablicas. Em junho, a receita l\u00edquida federal, ap\u00f3s descontar as transfer\u00eancias para Estados e munic\u00edpios, cresceu 5,8% em termos reais comparados ao mesmo per\u00edodo do ano anterior. No entanto, as despesas subiram apenas 0,3% acima da infla\u00e7\u00e3o.<\/p>\n<p>Essa leve alta nos gastos foi influenciada pelo pagamento do 13\u00ba sal\u00e1rio dos aposentados, que em 2023 ocorreu em junho, mas em 2024 foi distribu\u00eddo entre abril e maio. Isso resultou numa queda real de 7% nos gastos com benef\u00edcios previdenci\u00e1rios em junho, distorcendo a verdadeira din\u00e2mica das despesas deste ano.<\/p>\n<h2 class=\"wp-block-heading\">Como a previd\u00eancia influenciou o d\u00e9ficit nas contas p\u00fablicas?<\/h2>\n<p>O aumento das despesas foi o principal fator para o aumento significativo no d\u00e9ficit das contas p\u00fablicas. Houve um crescimento de R$ 24,4 bilh\u00f5es nos pagamentos de Benef\u00edcios Previdenci\u00e1rios, segundo o Tesouro Nacional. No primeiro semestre de 2024, as despesas aumentaram 8,7% acima da infla\u00e7\u00e3o, totalizando R$ 501,9 bilh\u00f5es \u2013 um aumento de R$ 40 bilh\u00f5es em rela\u00e7\u00e3o ao mesmo per\u00edodo de 2023.<\/p>\n<p>O Benef\u00edcio de Presta\u00e7\u00e3o Continuada (BPC) tamb\u00e9m apresentou um aumento expressivo. Em junho, a despesa com o BPC foi de R$ 9,2 bilh\u00f5es, um crescimento de 16% em rela\u00e7\u00e3o ao mesmo m\u00eas de 2023. No semestre, os gastos com o BPC chegaram a R$ 54,2 bilh\u00f5es, representando um aumento real de R$ 17,3 bilh\u00f5es, uma diferen\u00e7a absoluta de R$ 8 bilh\u00f5es.<\/p>\n<h2 class=\"wp-block-heading\">Quais medidas o governo tomou para conter gastos<\/h2>\n<p>Em resposta ao agravamento das contas p\u00fablicas, o governo de Luiz In\u00e1cio Lula da Silva anunciou um corte de R$ 25,9 bilh\u00f5es em gastos obrigat\u00f3rios para 2025. Entre as medidas inclu\u00eddas est\u00e3o a revis\u00e3o dos benef\u00edcios previdenci\u00e1rios e do BPC.<\/p>\n<ul class=\"wp-block-list\">\n<li>Revis\u00e3o dos benef\u00edcios previdenci\u00e1rios<\/li>\n<li>Revis\u00e3o do Benef\u00edcio de Presta\u00e7\u00e3o Continuada (BPC)<\/li>\n<li>Corte em outras despesas obrigat\u00f3rias<\/li>\n<\/ul>\n<p>\u00a0Al\u00e9m disso, as despesas com a calamidade no Rio Grande do Sul influenciaram negativamente os resultados. Em junho, o governo federal destinou R$ 1,1 bilh\u00e3o em despesas prim\u00e1rias para combater os efeitos da trag\u00e9dia, totalizando R$ 7,7 bilh\u00f5es no semestre. Esses valores n\u00e3o incluem gastos financeiros como cr\u00e9dito.<\/p>\n<h2 class=\"wp-block-heading\">Impacto dos desastres naturais no d\u00e9ficit<\/h2>\n<p>Al\u00e9m das despesas regulares e previdenci\u00e1rias, o impacto de desastres naturais, como o ocorrido no Rio Grande do Sul, intensificou o d\u00e9ficit nas contas p\u00fablicas. O governo federal destinou consider\u00e1veis somas para mitiga\u00e7\u00e3o dos efeitos dessas trag\u00e9dias durante o semestre.<\/p>\n<p>O aumento nas despesas e a tentativa de equilibrar as contas atrav\u00e9s de cortes demonstra a complexidade da gest\u00e3o financeira do setor p\u00fablico. Com o cen\u00e1rio atual, diversas \u00e1reas est\u00e3o sendo reavaliadas para evitar um agravamento ainda maior do d\u00e9ficit nos pr\u00f3ximos anos.<\/p>\n<\/p><\/div>\n<p><br \/>\n<br \/><a href=\"https:\/\/terrabrasilnoticias.com\/2024\/07\/governo-lula-deficit-nas-contas-publicas-em-junho-atinge-quarto-maior-numero-em-30-anos\/\">Source link <\/a><\/p>","protected":false},"excerpt":{"rendered":"<p>Foto: Reprodu\u00e7\u00e3o\/Fabio Rodrigues Pozzebom\/Ag\u00eancia Brasil. Em junho de 2024, o governo federal registrou um d\u00e9ficit de R$ 38,8 bilh\u00f5es nas contas p\u00fablicas. Esta cifra foi divulgada pelo Tesouro Nacional nesta&hellip;<\/p>","protected":false},"author":1,"featured_media":10549,"comment_status":"closed","ping_status":"open","sticky":false,"template":"","format":"standard","meta":{"content-type":"","footnotes":""},"categories":[16],"tags":[],"class_list":["post-10548","post","type-post","status-publish","format-standard","has-post-thumbnail","hentry","category-noticias"],"_links":{"self":[{"href":"https:\/\/tvbrazilusa.com\/pt\/wp-json\/wp\/v2\/posts\/10548","targetHints":{"allow":["GET"]}}],"collection":[{"href":"https:\/\/tvbrazilusa.com\/pt\/wp-json\/wp\/v2\/posts"}],"about":[{"href":"https:\/\/tvbrazilusa.com\/pt\/wp-json\/wp\/v2\/types\/post"}],"author":[{"embeddable":true,"href":"https:\/\/tvbrazilusa.com\/pt\/wp-json\/wp\/v2\/users\/1"}],"replies":[{"embeddable":true,"href":"https:\/\/tvbrazilusa.com\/pt\/wp-json\/wp\/v2\/comments?post=10548"}],"version-history":[{"count":1,"href":"https:\/\/tvbrazilusa.com\/pt\/wp-json\/wp\/v2\/posts\/10548\/revisions"}],"predecessor-version":[{"id":10550,"href":"https:\/\/tvbrazilusa.com\/pt\/wp-json\/wp\/v2\/posts\/10548\/revisions\/10550"}],"wp:featuredmedia":[{"embeddable":true,"href":"https:\/\/tvbrazilusa.com\/pt\/wp-json\/wp\/v2\/media\/10549"}],"wp:attachment":[{"href":"https:\/\/tvbrazilusa.com\/pt\/wp-json\/wp\/v2\/media?parent=10548"}],"wp:term":[{"taxonomy":"category","embeddable":true,"href":"https:\/\/tvbrazilusa.com\/pt\/wp-json\/wp\/v2\/categories?post=10548"},{"taxonomy":"post_tag","embeddable":true,"href":"https:\/\/tvbrazilusa.com\/pt\/wp-json\/wp\/v2\/tags?post=10548"}],"curies":[{"name":"wp","href":"https:\/\/api.w.org\/{rel}","templated":true}]}}