{"id":105481,"date":"2025-02-22T15:26:56","date_gmt":"2025-02-22T15:26:56","guid":{"rendered":"https:\/\/tvbrazilusa.com\/2025\/02\/22\/mortos-com-as-proprias-maos-essa-foi-a-conclusao-de-israel-sobre-a-morte-dos-irmaos-bibas-pelo-grupo-terrorista-hamas\/"},"modified":"2025-02-22T15:26:57","modified_gmt":"2025-02-22T15:26:57","slug":"mortos-com-as-proprias-maos-essa-foi-a-conclusao-de-israel-sobre-a-morte-dos-irmaos-bibas-pelo-grupo-terrorista-hamas","status":"publish","type":"post","link":"https:\/\/tvbrazilusa.com\/pt\/2025\/02\/22\/mortos-com-as-proprias-maos-essa-foi-a-conclusao-de-israel-sobre-a-morte-dos-irmaos-bibas-pelo-grupo-terrorista-hamas\/","title":{"rendered":"Mortos &#8216;com as pr\u00f3prias m\u00e3os&#8217;, essa foi a conclus\u00e3o de Israel sobre a morte dos irm\u00e3os Bibas pelo grupo terrorista Hamas"},"content":{"rendered":"<p> <script async src=\"https:\/\/pagead2.googlesyndication.com\/pagead\/js\/adsbygoogle.js?client=ca-pub-8864793242727901\"\r\n     crossorigin=\"anonymous\"><\/script><br \/>\n<\/p>\n<div id=\"taboola-read-more\" style=\"display:block; width:100%\">\n<p>O Ex\u00e9rcito de Israel afirmou nesta sexta-feira (21) que terroristas do Hamas mataram \u201ccom as pr\u00f3prias m\u00e3os\u201d os irm\u00e3os Kfir e Ariel Bibas, em novembro de 2023, contrariando a vers\u00e3o do grupo de que as crian\u00e7as, ent\u00e3o com 9 meses e com 4 anos, respectivamente, teriam morrido durante um bombardeio israelense em Gaza.\n<\/p>\n<p>Em pronunciamento em v\u00eddeo, o porta-voz militar Daniel Hagari afirmou que eles n\u00e3o foram alvo de disparos. As conclus\u00f5es s\u00e3o baseadas em dados forenses coletados no processo de identifica\u00e7\u00e3o dos corpos e em informa\u00e7\u00f5es de intelig\u00eancia. Ele n\u00e3o deu detalhes de como os legistas chegaram a essa conclus\u00e3o e prometeu compartilhar as informa\u00e7\u00f5es com pa\u00edses \u201cparceiros\u201d para uma verifica\u00e7\u00e3o independente.<\/p>\n<p>O Hamas, por outro lado, afirma que os integrantes da fam\u00edlia Bibas \u2013 a exce\u00e7\u00e3o do pai, Yarden, que foi devolvido com vida h\u00e1 duas semanas \u2013 morreram durante um bombardeio israelense na Faixa de Gaza, em novembro de 2023, um m\u00eas ap\u00f3s o sequestro. O grupo, por\u00e9m, n\u00e3o detalhou onde teria ocorrido o bombardeio.\n<\/p>\n<p><strong>ERRO EM DEVOLU\u00c7\u00c3O DE CORPO<\/strong>\n<\/p>\n<p>Na \u00faltima quinta (20), como parte do acordo de cessar-fogo, o Hamas entregou quatro corpos que deveriam ser da m\u00e3e, Shiri Bibas, que tinha 33 anos quando foi sequestrada, e de seus filhos, al\u00e9m de Oded Lifshitz, de 83 anos. Imediatamente, Israel realizou testes de DNA e descobriu que o corpo que deveria ser de Shiri era de uma palestina.\n<\/p>\n<p>O premi\u00ea israelense, Benjamin Netanyahu, considerou a situa\u00e7\u00e3o uma \u201cviola\u00e7\u00e3o cruel e maliciosa\u201d do acordo de cessar-fogo. Nesta sexta, Mousa Abu Marzouq, do alto escal\u00e3o do Hamas, admitiu o erro e disse que a troca ocorreu em raz\u00e3o da quantidade de corpos espalhados no local em que supostamente teria ocorrido o bombardeio israelense.\n<\/p>\n<p>Marzouq afirmou que um grupo terrorista faria uma nova varredura nos escombros do local. No in\u00edcio da noite, outro corpo foi entregue \u00e0 Cruz Vermelha, com a garantia de que era o de Shiri Bibas. O grupo terrorista n\u00e3o detalhou onde teria ocorrido o bombardeio israelense.\n<\/p>\n<p>Fonte: Pleno.News              <\/p>\n<\/div>\n<p><br \/>\n<br \/><a href=\"https:\/\/diariodobrasilnoticias.com.br\/noticia\/mortos-com-as-proprias-maos-essa-foi-a-conclusao-de-israel-sobre-a-morte-dos-irmaos-bibas-pelo-grupo-terrorista-hamas-67b9cc44bbdbc\">Source link <\/a><\/p>","protected":false},"excerpt":{"rendered":"<p>O Ex\u00e9rcito de Israel afirmou nesta sexta-feira (21) que terroristas do Hamas mataram \u201ccom as pr\u00f3prias m\u00e3os\u201d os irm\u00e3os Kfir e Ariel Bibas, em novembro de 2023, contrariando a vers\u00e3o&hellip;<\/p>","protected":false},"author":1,"featured_media":105482,"comment_status":"closed","ping_status":"open","sticky":false,"template":"","format":"standard","meta":{"content-type":"","footnotes":""},"categories":[16],"tags":[123,2448,5313,1267],"class_list":["post-105481","post","type-post","status-publish","format-standard","has-post-thumbnail","hentry","category-noticias","tag-brasil","tag-diario","tag-noticia","tag-noticias"],"_links":{"self":[{"href":"https:\/\/tvbrazilusa.com\/pt\/wp-json\/wp\/v2\/posts\/105481","targetHints":{"allow":["GET"]}}],"collection":[{"href":"https:\/\/tvbrazilusa.com\/pt\/wp-json\/wp\/v2\/posts"}],"about":[{"href":"https:\/\/tvbrazilusa.com\/pt\/wp-json\/wp\/v2\/types\/post"}],"author":[{"embeddable":true,"href":"https:\/\/tvbrazilusa.com\/pt\/wp-json\/wp\/v2\/users\/1"}],"replies":[{"embeddable":true,"href":"https:\/\/tvbrazilusa.com\/pt\/wp-json\/wp\/v2\/comments?post=105481"}],"version-history":[{"count":1,"href":"https:\/\/tvbrazilusa.com\/pt\/wp-json\/wp\/v2\/posts\/105481\/revisions"}],"predecessor-version":[{"id":105483,"href":"https:\/\/tvbrazilusa.com\/pt\/wp-json\/wp\/v2\/posts\/105481\/revisions\/105483"}],"wp:featuredmedia":[{"embeddable":true,"href":"https:\/\/tvbrazilusa.com\/pt\/wp-json\/wp\/v2\/media\/105482"}],"wp:attachment":[{"href":"https:\/\/tvbrazilusa.com\/pt\/wp-json\/wp\/v2\/media?parent=105481"}],"wp:term":[{"taxonomy":"category","embeddable":true,"href":"https:\/\/tvbrazilusa.com\/pt\/wp-json\/wp\/v2\/categories?post=105481"},{"taxonomy":"post_tag","embeddable":true,"href":"https:\/\/tvbrazilusa.com\/pt\/wp-json\/wp\/v2\/tags?post=105481"}],"curies":[{"name":"wp","href":"https:\/\/api.w.org\/{rel}","templated":true}]}}