{"id":105484,"date":"2025-02-22T15:43:47","date_gmt":"2025-02-22T15:43:47","guid":{"rendered":"https:\/\/tvbrazilusa.com\/2025\/02\/22\/ex-ministro-do-governo-lula-silvio-almeida-e-intimado-a-depor-na-pf\/"},"modified":"2025-02-22T15:43:48","modified_gmt":"2025-02-22T15:43:48","slug":"ex-ministro-do-governo-lula-silvio-almeida-e-intimado-a-depor-na-pf","status":"publish","type":"post","link":"https:\/\/tvbrazilusa.com\/pt\/2025\/02\/22\/ex-ministro-do-governo-lula-silvio-almeida-e-intimado-a-depor-na-pf\/","title":{"rendered":"Ex-ministro do governo Lula, Silvio Almeida, \u00e9 intimado a depor na PF"},"content":{"rendered":"<p> <script async src=\"https:\/\/pagead2.googlesyndication.com\/pagead\/js\/adsbygoogle.js?client=ca-pub-8864793242727901\"\r\n     crossorigin=\"anonymous\"><\/script><br \/>\n<\/p>\n<div id=\"taboola-read-more\" style=\"display:block; width:100%\">\n<p>O ex-ministro dos Direitos Humanos e da Cidadania Silvio Almeida foi intimado pela Pol\u00edcia Federal (PF) a prestar depoimento na pr\u00f3xima ter\u00e7a-feira (25), em um processo que investiga den\u00fancias de ass\u00e9dio feitas contra ele.\n<\/p>\n<p>A convoca\u00e7\u00e3o foi realizada no \u00e2mbito de um inqu\u00e9rito que apura as acusa\u00e7\u00f5es envolvendo o ex-ministro, que ainda n\u00e3o se manifestou publicamente sobre o caso.<\/p>\n<p>O depoimento de Almeida tem o objetivo de esclarecer as alega\u00e7\u00f5es feitas contra ele, que envolvem supostos epis\u00f3dios de conduta inadequada.\n<\/p>\n<p>Di\u00e1rio do Poder\n<\/p>\n<p>Fonte: Blog do BG              <\/p>\n<\/div>\n<p><br \/>\n<br \/><a href=\"https:\/\/diariodobrasilnoticias.com.br\/noticia\/ex-ministro-do-governo-lula-silvio-almeida-e-intimado-a-depor-na-pf-67b9cd4929d68\">Source link <\/a><\/p>","protected":false},"excerpt":{"rendered":"<p>O ex-ministro dos Direitos Humanos e da Cidadania Silvio Almeida foi intimado pela Pol\u00edcia Federal (PF) a prestar depoimento na pr\u00f3xima ter\u00e7a-feira (25), em um processo que investiga den\u00fancias de&hellip;<\/p>","protected":false},"author":1,"featured_media":105485,"comment_status":"closed","ping_status":"open","sticky":false,"template":"","format":"standard","meta":{"content-type":"","footnotes":""},"categories":[16],"tags":[123,2448,5313,1267],"class_list":["post-105484","post","type-post","status-publish","format-standard","has-post-thumbnail","hentry","category-noticias","tag-brasil","tag-diario","tag-noticia","tag-noticias"],"_links":{"self":[{"href":"https:\/\/tvbrazilusa.com\/pt\/wp-json\/wp\/v2\/posts\/105484","targetHints":{"allow":["GET"]}}],"collection":[{"href":"https:\/\/tvbrazilusa.com\/pt\/wp-json\/wp\/v2\/posts"}],"about":[{"href":"https:\/\/tvbrazilusa.com\/pt\/wp-json\/wp\/v2\/types\/post"}],"author":[{"embeddable":true,"href":"https:\/\/tvbrazilusa.com\/pt\/wp-json\/wp\/v2\/users\/1"}],"replies":[{"embeddable":true,"href":"https:\/\/tvbrazilusa.com\/pt\/wp-json\/wp\/v2\/comments?post=105484"}],"version-history":[{"count":1,"href":"https:\/\/tvbrazilusa.com\/pt\/wp-json\/wp\/v2\/posts\/105484\/revisions"}],"predecessor-version":[{"id":105486,"href":"https:\/\/tvbrazilusa.com\/pt\/wp-json\/wp\/v2\/posts\/105484\/revisions\/105486"}],"wp:featuredmedia":[{"embeddable":true,"href":"https:\/\/tvbrazilusa.com\/pt\/wp-json\/wp\/v2\/media\/105485"}],"wp:attachment":[{"href":"https:\/\/tvbrazilusa.com\/pt\/wp-json\/wp\/v2\/media?parent=105484"}],"wp:term":[{"taxonomy":"category","embeddable":true,"href":"https:\/\/tvbrazilusa.com\/pt\/wp-json\/wp\/v2\/categories?post=105484"},{"taxonomy":"post_tag","embeddable":true,"href":"https:\/\/tvbrazilusa.com\/pt\/wp-json\/wp\/v2\/tags?post=105484"}],"curies":[{"name":"wp","href":"https:\/\/api.w.org\/{rel}","templated":true}]}}