{"id":105502,"date":"2025-02-22T16:38:18","date_gmt":"2025-02-22T16:38:18","guid":{"rendered":"https:\/\/tvbrazilusa.com\/2025\/02\/22\/ministra-da-saude-nisia-trindade-nao-tomou-a-dose-recomendada-de-reforco-da-vacina-contra-a-covid\/"},"modified":"2025-02-22T16:38:20","modified_gmt":"2025-02-22T16:38:20","slug":"ministra-da-saude-nisia-trindade-nao-tomou-a-dose-recomendada-de-reforco-da-vacina-contra-a-covid","status":"publish","type":"post","link":"https:\/\/tvbrazilusa.com\/pt\/2025\/02\/22\/ministra-da-saude-nisia-trindade-nao-tomou-a-dose-recomendada-de-reforco-da-vacina-contra-a-covid\/","title":{"rendered":"Ministra da Sa\u00fade, N\u00edsia Trindade, n\u00e3o tomou a dose recomendada de refor\u00e7o da vacina contra a Covid"},"content":{"rendered":"<p> <script async src=\"https:\/\/pagead2.googlesyndication.com\/pagead\/js\/adsbygoogle.js?client=ca-pub-8864793242727901\"\r\n     crossorigin=\"anonymous\"><\/script><br \/>\n<\/p>\n<div id=\"taboola-read-more\" style=\"display:block; width:100%\">\n<p>A ministra da Sa\u00fade, N\u00edsia Trindade, tomou apenas uma dose de refor\u00e7o da vacina contra a Covid em 2024, o que contraria recomenda\u00e7\u00e3o da pr\u00f3pria pasta para pessoas a partir de 60 anos \u2014 a titular da Sa\u00fade tem 67 anos de idade. Segundo o minist\u00e9rio, a indica\u00e7\u00e3o para idosos \u00e9 de duas doses por ano, com intervalo de seis meses.\n<\/p>\n<p>A carteira de vacina\u00e7\u00e3o da ministra foi obtida pelo portal Metr\u00f3poles por meio da Lei de Acesso \u00e0 Informa\u00e7\u00e3o (LAI). Ao ve\u00edculo, a pasta confirmou que N\u00edsia n\u00e3o tomou todas as doses do imunizante no \u00faltimo ano e informou que ela atualizar\u00e1 seu cart\u00e3o de vacina\u00e7\u00e3o nesta semana. O minist\u00e9rio tamb\u00e9m disse que a ministra tomou, no total, seis doses da vacina contra a Covid-19.<\/p>\n<p>Ainda segundo o documento obtido, a auxiliar do presidente Lula recebeu uma dose de refor\u00e7o da vacina em fevereiro de 2024 e, portanto, deveria ter tomado a segunda dose a partir de agosto. N\u00e3o h\u00e1 registro no cart\u00e3o de vacina\u00e7\u00e3o, no entanto, dessa segunda dose.\n<\/p>\n<p>As vacina para a Covid-19 est\u00e3o dispon\u00edveis para a popula\u00e7\u00e3o brasileira desde janeiro de 2021 e, no ano passado, tanto idosos quanto gestantes entraram para o Calend\u00e1rio Nacional de Vacina\u00e7\u00e3o da doen\u00e7a.\n<\/p>\n<p><strong>Dan\u00e7a das cadeiras<\/strong>\n<\/p>\n<p>N\u00edsia deve ser a primeira \u201cv\u00edtima\u201d da reforma ministerial pretendida por Lula. Nesta semana, o presidente falou a aliados que pretende nomear Alexandre Padilha para o posto. O atual titular da Secretaria das Rela\u00e7\u00f5es Institucionais j\u00e1 ocupou a pasta no governo de Dilma Rousseff.\n<\/p>\n<p>Fonte: Veja              <\/p>\n<\/div>\n<p><br \/>\n<br \/><a href=\"https:\/\/diariodobrasilnoticias.com.br\/noticia\/ministra-da-saude-nisia-trindade-nao-tomou-a-dose-recomendada-de-reforco-da-vacina-contra-a-covid-67b9dd3648511\">Source link <\/a><\/p>","protected":false},"excerpt":{"rendered":"<p>A ministra da Sa\u00fade, N\u00edsia Trindade, tomou apenas uma dose de refor\u00e7o da vacina contra a Covid em 2024, o que contraria recomenda\u00e7\u00e3o da pr\u00f3pria pasta para pessoas a partir&hellip;<\/p>","protected":false},"author":1,"featured_media":105503,"comment_status":"closed","ping_status":"open","sticky":false,"template":"","format":"standard","meta":{"content-type":"","footnotes":""},"categories":[16],"tags":[123,2448,5313,1267],"class_list":["post-105502","post","type-post","status-publish","format-standard","has-post-thumbnail","hentry","category-noticias","tag-brasil","tag-diario","tag-noticia","tag-noticias"],"_links":{"self":[{"href":"https:\/\/tvbrazilusa.com\/pt\/wp-json\/wp\/v2\/posts\/105502","targetHints":{"allow":["GET"]}}],"collection":[{"href":"https:\/\/tvbrazilusa.com\/pt\/wp-json\/wp\/v2\/posts"}],"about":[{"href":"https:\/\/tvbrazilusa.com\/pt\/wp-json\/wp\/v2\/types\/post"}],"author":[{"embeddable":true,"href":"https:\/\/tvbrazilusa.com\/pt\/wp-json\/wp\/v2\/users\/1"}],"replies":[{"embeddable":true,"href":"https:\/\/tvbrazilusa.com\/pt\/wp-json\/wp\/v2\/comments?post=105502"}],"version-history":[{"count":1,"href":"https:\/\/tvbrazilusa.com\/pt\/wp-json\/wp\/v2\/posts\/105502\/revisions"}],"predecessor-version":[{"id":105504,"href":"https:\/\/tvbrazilusa.com\/pt\/wp-json\/wp\/v2\/posts\/105502\/revisions\/105504"}],"wp:featuredmedia":[{"embeddable":true,"href":"https:\/\/tvbrazilusa.com\/pt\/wp-json\/wp\/v2\/media\/105503"}],"wp:attachment":[{"href":"https:\/\/tvbrazilusa.com\/pt\/wp-json\/wp\/v2\/media?parent=105502"}],"wp:term":[{"taxonomy":"category","embeddable":true,"href":"https:\/\/tvbrazilusa.com\/pt\/wp-json\/wp\/v2\/categories?post=105502"},{"taxonomy":"post_tag","embeddable":true,"href":"https:\/\/tvbrazilusa.com\/pt\/wp-json\/wp\/v2\/tags?post=105502"}],"curies":[{"name":"wp","href":"https:\/\/api.w.org\/{rel}","templated":true}]}}